{"id":18571,"date":"2021-08-02T16:48:05","date_gmt":"2021-08-02T19:48:05","guid":{"rendered":"http:\/\/www.fumssar.com.br\/?p=18571"},"modified":"2024-10-07T16:34:08","modified_gmt":"2024-10-07T19:34:08","slug":"ato-ecumenico-marca-90-anos-de-santa-rosa","status":"publish","type":"post","link":"https:\/\/www.fumssar.com.br\/?p=18571","title":{"rendered":"Ato Ecum\u00eanico marca 90 anos de Santa Rosa"},"content":{"rendered":"\n<figure class=\"wp-block-image\"><img loading=\"lazy\" decoding=\"async\" width=\"1024\" height=\"766\" src=\"https:\/\/www.fumssar.com.br\/wp-content\/uploads\/2021\/08\/WhatsApp-Image-2021-08-02-at-16.23.51-1024x766.jpeg\" alt=\"\" class=\"wp-image-18572\" srcset=\"https:\/\/www.fumssar.com.br\/wp-content\/uploads\/2021\/08\/WhatsApp-Image-2021-08-02-at-16.23.51-1024x766.jpeg 1024w, https:\/\/www.fumssar.com.br\/wp-content\/uploads\/2021\/08\/WhatsApp-Image-2021-08-02-at-16.23.51-300x225.jpeg 300w, https:\/\/www.fumssar.com.br\/wp-content\/uploads\/2021\/08\/WhatsApp-Image-2021-08-02-at-16.23.51-768x575.jpeg 768w, https:\/\/www.fumssar.com.br\/wp-content\/uploads\/2021\/08\/WhatsApp-Image-2021-08-02-at-16.23.51.jpeg 1280w\" sizes=\"(max-width: 1024px) 100vw, 1024px\" \/><\/figure>\n\n\n\n<p>Na manh\u00e3 desta segunda-feira(02), foi realizado o Culto Ecum\u00eanico. A atividade faz parte da programa\u00e7\u00e3o dos 90 anos de Santa Rosa. O ato ocorreu no Centro C\u00edvico e contou com diversos l\u00edderes religiosos, autoridades, vereadores, secret\u00e1rios da administra\u00e7\u00e3o p\u00fablica, prefeito e vice-prefeito. <\/p>\n\n\n\n<figure class=\"wp-block-image\"><img loading=\"lazy\" decoding=\"async\" width=\"1024\" height=\"766\" src=\"https:\/\/www.fumssar.com.br\/wp-content\/uploads\/2021\/08\/WhatsApp-Image-2021-08-02-at-16.23.53-1024x766.jpeg\" alt=\"\" class=\"wp-image-18573\" srcset=\"https:\/\/www.fumssar.com.br\/wp-content\/uploads\/2021\/08\/WhatsApp-Image-2021-08-02-at-16.23.53-1024x766.jpeg 1024w, https:\/\/www.fumssar.com.br\/wp-content\/uploads\/2021\/08\/WhatsApp-Image-2021-08-02-at-16.23.53-300x225.jpeg 300w, https:\/\/www.fumssar.com.br\/wp-content\/uploads\/2021\/08\/WhatsApp-Image-2021-08-02-at-16.23.53-768x575.jpeg 768w, https:\/\/www.fumssar.com.br\/wp-content\/uploads\/2021\/08\/WhatsApp-Image-2021-08-02-at-16.23.53.jpeg 1280w\" sizes=\"(max-width: 1024px) 100vw, 1024px\" \/><\/figure>\n\n\n\n<p> O prefeito Anderson Mantei fez a abertura destacando a import\u00e2ncia do trabalho realizado pelas igrejas no munic\u00edpio, desde sua forma\u00e7\u00e3o at\u00e9 os dias de hoje e destacou o compromisso com os santa-rosenses, \u201cN\u00f3s temos a certeza que Santa Rosa \u00e9 o que ela \u00e9, muito pelo trabalho das igrejas, das religi\u00f5es, independentemente de quais s\u00e3o, todas elas fazem um trabalho maravilhoso, pelo bem, pela comunh\u00e3o e pela fam\u00edlia. Que possamos ter cada dia mais, uma cidade que acolha bem suas pessoas, uma cidade que s\u00f3 fa\u00e7a o bem\u201d.<br> Os secret\u00e1rios levaram para o palco objetos representando os diferentes setores da sociedade. Os l\u00edderes eclesi\u00e1sticos fizeram a liturgia ecum\u00eanica, trazendo uma palavra de reflex\u00e3o ao p\u00fablico e aben\u00e7oando os objetos trazidos pelas secretarias. Foi feita uma ora\u00e7\u00e3o em conjunto pelos 90 anos da cidade e por todos que aqui vivem. O evento tamb\u00e9m contou com a apresenta\u00e7\u00e3o do Coral Ecum\u00eanico 24 de Julho, que entoou diversas can\u00e7\u00f5es, entre elas, o Hino de Santa Rosa.<\/p>\n","protected":false},"excerpt":{"rendered":"<p>Na manh\u00e3 desta segunda-feira(02), foi realizado o Culto Ecum\u00eanico. A atividade faz parte da programa\u00e7\u00e3o&#8230;<\/p>\n","protected":false},"author":36,"featured_media":18572,"comment_status":"closed","ping_status":"closed","sticky":false,"template":"","format":"standard","meta":{"footnotes":""},"categories":[2],"tags":[],"_links":{"self":[{"href":"https:\/\/www.fumssar.com.br\/index.php?rest_route=\/wp\/v2\/posts\/18571"}],"collection":[{"href":"https:\/\/www.fumssar.com.br\/index.php?rest_route=\/wp\/v2\/posts"}],"about":[{"href":"https:\/\/www.fumssar.com.br\/index.php?rest_route=\/wp\/v2\/types\/post"}],"author":[{"embeddable":true,"href":"https:\/\/www.fumssar.com.br\/index.php?rest_route=\/wp\/v2\/users\/36"}],"replies":[{"embeddable":true,"href":"https:\/\/www.fumssar.com.br\/index.php?rest_route=%2Fwp%2Fv2%2Fcomments&post=18571"}],"version-history":[{"count":1,"href":"https:\/\/www.fumssar.com.br\/index.php?rest_route=\/wp\/v2\/posts\/18571\/revisions"}],"predecessor-version":[{"id":18574,"href":"https:\/\/www.fumssar.com.br\/index.php?rest_route=\/wp\/v2\/posts\/18571\/revisions\/18574"}],"wp:featuredmedia":[{"embeddable":true,"href":"https:\/\/www.fumssar.com.br\/index.php?rest_route=\/wp\/v2\/media\/18572"}],"wp:attachment":[{"href":"https:\/\/www.fumssar.com.br\/index.php?rest_route=%2Fwp%2Fv2%2Fmedia&parent=18571"}],"wp:term":[{"taxonomy":"category","embeddable":true,"href":"https:\/\/www.fumssar.com.br\/index.php?rest_route=%2Fwp%2Fv2%2Fcategories&post=18571"},{"taxonomy":"post_tag","embeddable":true,"href":"https:\/\/www.fumssar.com.br\/index.php?rest_route=%2Fwp%2Fv2%2Ftags&post=18571"}],"curies":[{"name":"wp","href":"https:\/\/api.w.org\/{rel}","templated":true}]}}