{"id":18567,"date":"2021-08-02T14:09:31","date_gmt":"2021-08-02T17:09:31","guid":{"rendered":"http:\/\/www.fumssar.com.br\/?p=18567"},"modified":"2024-10-07T16:34:08","modified_gmt":"2024-10-07T19:34:08","slug":"semana-da-saude-90-anos-santa-rosa","status":"publish","type":"post","link":"https:\/\/www.fumssar.com.br\/?p=18567","title":{"rendered":"Semana da Sa\u00fade 90 anos Santa Rosa"},"content":{"rendered":"\n<figure class=\"wp-block-image\"><img loading=\"lazy\" decoding=\"async\" width=\"1024\" height=\"1024\" src=\"https:\/\/www.fumssar.com.br\/wp-content\/uploads\/2021\/08\/223447280_4170640383052350_9040667932212724373_n-1024x1024.jpg\" alt=\"\" class=\"wp-image-18568\" srcset=\"https:\/\/www.fumssar.com.br\/wp-content\/uploads\/2021\/08\/223447280_4170640383052350_9040667932212724373_n-1024x1024.jpg 1024w, https:\/\/www.fumssar.com.br\/wp-content\/uploads\/2021\/08\/223447280_4170640383052350_9040667932212724373_n-150x150.jpg 150w, https:\/\/www.fumssar.com.br\/wp-content\/uploads\/2021\/08\/223447280_4170640383052350_9040667932212724373_n-300x300.jpg 300w, https:\/\/www.fumssar.com.br\/wp-content\/uploads\/2021\/08\/223447280_4170640383052350_9040667932212724373_n-768x768.jpg 768w, https:\/\/www.fumssar.com.br\/wp-content\/uploads\/2021\/08\/223447280_4170640383052350_9040667932212724373_n.jpg 1280w\" sizes=\"(max-width: 1024px) 100vw, 1024px\" \/><\/figure>\n\n\n\n<p> A Programa\u00e7\u00e3o oficial dos 90 anos de Santa Rosa come\u00e7ou voltada para a sa\u00fade. O Prefeito Anderson Mantei e o Presidente da FUMSSAR, D\u00e9lcio Stefan acompanharam as primeiras atividades da Semana da Sa\u00fade. A Funda\u00e7\u00e3o Municipal de Sa\u00fade est\u00e1 realizando a\u00e7\u00f5es especiais para os idosos, atrav\u00e9s das pr\u00e1ticas integrativas.<\/p>\n\n\n\n<p style=\"text-align:left\">As atividades acontecem no CEREST, ao lado da FUMSSAR. As Pr\u00e1ticas Integrativas e Complementares\/PICS s\u00e3o tratamentos que utilizam recursos terap\u00eauticos baseados na medicina tradicional. O objetivo \u00e9 prevenir diversas doen\u00e7as como depress\u00e3o e hipertens\u00e3o. Elas focam tamb\u00e9m na recupera\u00e7\u00e3o da sa\u00fade, com \u00eanfase na escuta acolhedora, no desenvolvimento do v\u00ednculo terap\u00eautico e na integra\u00e7\u00e3o do ser humano com o meio ambiente e a sociedade.<\/p>\n\n\n\n<figure class=\"wp-block-image\"><img loading=\"lazy\" decoding=\"async\" width=\"1024\" height=\"472\" src=\"https:\/\/www.fumssar.com.br\/wp-content\/uploads\/2021\/08\/WhatsApp-Image-2021-08-02-at-11.57.48-1024x472.jpeg\" alt=\"\" class=\"wp-image-18569\" srcset=\"https:\/\/www.fumssar.com.br\/wp-content\/uploads\/2021\/08\/WhatsApp-Image-2021-08-02-at-11.57.48-1024x472.jpeg 1024w, https:\/\/www.fumssar.com.br\/wp-content\/uploads\/2021\/08\/WhatsApp-Image-2021-08-02-at-11.57.48-300x138.jpeg 300w, https:\/\/www.fumssar.com.br\/wp-content\/uploads\/2021\/08\/WhatsApp-Image-2021-08-02-at-11.57.48-768x354.jpeg 768w, https:\/\/www.fumssar.com.br\/wp-content\/uploads\/2021\/08\/WhatsApp-Image-2021-08-02-at-11.57.48.jpeg 1280w\" sizes=\"(max-width: 1024px) 100vw, 1024px\" \/><figcaption>Integrantes do Jogo de C\u00e2mbio participando de uma das PIC&#8217;s<\/figcaption><\/figure>\n\n\n\n<p>Quiropraxia, cromoterapia, osteopatia, dan\u00e7a circuitar, reiki, pilates, entre outras atividades est\u00e3o sendo oferecidas nessa semana do munic\u00edpio. Todas modalidades s\u00e3o coordenadas por uma equipe multiprofissional que conforme suas especialidades orientam as sess\u00f5es. Dona Ionice de Almeida Rodrigues, de 73 anos, come\u00e7ou a semana fazendo pilates. Ela j\u00e1 conhece o trabalho do Centro de Pr\u00e1ticas Integrativas h\u00e1 2 meses, \u201cEstou ficando boa, estou bem feliz, daqui uns dias vou estar fazendo tudo o que eu queria, j\u00e1 que cirurgia eu n\u00e3o posso fazer\u201d.<\/p>\n\n\n\n<p><br>As atividades v\u00e3o ser realizadas durante toda a semana das 8h \u00e0s 11h e das 13h30min \u00e0s 17h30min. <\/p>\n","protected":false},"excerpt":{"rendered":"<p>A Programa\u00e7\u00e3o oficial dos 90 anos de Santa Rosa come\u00e7ou voltada para a sa\u00fade. O&#8230;<\/p>\n","protected":false},"author":36,"featured_media":18568,"comment_status":"closed","ping_status":"closed","sticky":false,"template":"","format":"standard","meta":{"footnotes":""},"categories":[2],"tags":[],"_links":{"self":[{"href":"https:\/\/www.fumssar.com.br\/index.php?rest_route=\/wp\/v2\/posts\/18567"}],"collection":[{"href":"https:\/\/www.fumssar.com.br\/index.php?rest_route=\/wp\/v2\/posts"}],"about":[{"href":"https:\/\/www.fumssar.com.br\/index.php?rest_route=\/wp\/v2\/types\/post"}],"author":[{"embeddable":true,"href":"https:\/\/www.fumssar.com.br\/index.php?rest_route=\/wp\/v2\/users\/36"}],"replies":[{"embeddable":true,"href":"https:\/\/www.fumssar.com.br\/index.php?rest_route=%2Fwp%2Fv2%2Fcomments&post=18567"}],"version-history":[{"count":1,"href":"https:\/\/www.fumssar.com.br\/index.php?rest_route=\/wp\/v2\/posts\/18567\/revisions"}],"predecessor-version":[{"id":18570,"href":"https:\/\/www.fumssar.com.br\/index.php?rest_route=\/wp\/v2\/posts\/18567\/revisions\/18570"}],"wp:featuredmedia":[{"embeddable":true,"href":"https:\/\/www.fumssar.com.br\/index.php?rest_route=\/wp\/v2\/media\/18568"}],"wp:attachment":[{"href":"https:\/\/www.fumssar.com.br\/index.php?rest_route=%2Fwp%2Fv2%2Fmedia&parent=18567"}],"wp:term":[{"taxonomy":"category","embeddable":true,"href":"https:\/\/www.fumssar.com.br\/index.php?rest_route=%2Fwp%2Fv2%2Fcategories&post=18567"},{"taxonomy":"post_tag","embeddable":true,"href":"https:\/\/www.fumssar.com.br\/index.php?rest_route=%2Fwp%2Fv2%2Ftags&post=18567"}],"curies":[{"name":"wp","href":"https:\/\/api.w.org\/{rel}","templated":true}]}}