{"id":18531,"date":"2021-07-28T18:25:39","date_gmt":"2021-07-28T21:25:39","guid":{"rendered":"http:\/\/www.fumssar.com.br\/?p=18531"},"modified":"2024-10-07T16:34:08","modified_gmt":"2024-10-07T19:34:08","slug":"santa-rosa-vacina-adolescentes-de-12-a-17-anos-com-comorbidades","status":"publish","type":"post","link":"https:\/\/www.fumssar.com.br\/?p=18531","title":{"rendered":"Santa Rosa vacina adolescentes de 12 a 17 anos com comorbidades"},"content":{"rendered":"\n<figure class=\"wp-block-image\"><img loading=\"lazy\" decoding=\"async\" width=\"963\" height=\"960\" src=\"http:\/\/www.fumssar.com.br\/wp-content\/uploads\/2021\/07\/224117044_4157246441058411_5051226715860596433_n.jpg\" alt=\"\" class=\"wp-image-18532\" srcset=\"https:\/\/www.fumssar.com.br\/wp-content\/uploads\/2021\/07\/224117044_4157246441058411_5051226715860596433_n.jpg 963w, https:\/\/www.fumssar.com.br\/wp-content\/uploads\/2021\/07\/224117044_4157246441058411_5051226715860596433_n-150x150.jpg 150w, https:\/\/www.fumssar.com.br\/wp-content\/uploads\/2021\/07\/224117044_4157246441058411_5051226715860596433_n-300x300.jpg 300w, https:\/\/www.fumssar.com.br\/wp-content\/uploads\/2021\/07\/224117044_4157246441058411_5051226715860596433_n-768x766.jpg 768w\" sizes=\"(max-width: 963px) 100vw, 963px\" \/><\/figure>\n\n\n\n<p>A Funda\u00e7\u00e3o Municipal de Sa\u00fade de Santa Rosa est\u00e1 vacinando hoje (28) contra a COVID-19, adolescentes com comorbidades, de 12 a 17 anos. A imuniza\u00e7\u00e3o aconteceu mediante agendamento pr\u00e9vio, nas Unidades B\u00e1sicas de Sa\u00fade do Centro e Cruzeiro. <\/p>\n\n\n\n<p>As comorbidades contempladas nesta fase de vacina\u00e7\u00e3o foram: obesidade grave, pneumopatias cr\u00f4nicas graves, imunodeprimidos, hemoglobinopatia grave, doen\u00e7a cardiovascular, doen\u00e7a neurol\u00f3gica cr\u00f4nica e diabete Mellitus. A estudante Yasmin Pereira, 14 anos, tem asma grave, que pertence ao grupo das pneumopatias cr\u00f4nicas graves. Para ela esse momento foi muito importante. \u201cPara mim \u00e9 muito gratificante poder estar recebendo a vacina nesse momento que a gente est\u00e1 vivendo. Acho que \u00e9 muito importante todos estarmos juntos, unidos, se imunizando para podermos combater a pandemia. Estou muito feliz de poder estar recebendo esta dose e convido a todos para quando chegar a sua vez, vir tamb\u00e9m se vacinar\u201d.<\/p>\n\n\n\n<p>Os jovens foram acompanhados dos pais ou respons\u00e1veis para receber a primeira dose do imunizante da Pfizer, o \u00fanico autorizado no Brasil para esse grupo abaixo dos 18 anos.<\/p>\n","protected":false},"excerpt":{"rendered":"<p>A Funda\u00e7\u00e3o Municipal de Sa\u00fade de Santa Rosa est\u00e1 vacinando hoje (28) contra a COVID-19,&#8230;<\/p>\n","protected":false},"author":36,"featured_media":18532,"comment_status":"closed","ping_status":"closed","sticky":false,"template":"","format":"standard","meta":{"footnotes":""},"categories":[152,2],"tags":[],"_links":{"self":[{"href":"https:\/\/www.fumssar.com.br\/index.php?rest_route=\/wp\/v2\/posts\/18531"}],"collection":[{"href":"https:\/\/www.fumssar.com.br\/index.php?rest_route=\/wp\/v2\/posts"}],"about":[{"href":"https:\/\/www.fumssar.com.br\/index.php?rest_route=\/wp\/v2\/types\/post"}],"author":[{"embeddable":true,"href":"https:\/\/www.fumssar.com.br\/index.php?rest_route=\/wp\/v2\/users\/36"}],"replies":[{"embeddable":true,"href":"https:\/\/www.fumssar.com.br\/index.php?rest_route=%2Fwp%2Fv2%2Fcomments&post=18531"}],"version-history":[{"count":1,"href":"https:\/\/www.fumssar.com.br\/index.php?rest_route=\/wp\/v2\/posts\/18531\/revisions"}],"predecessor-version":[{"id":18533,"href":"https:\/\/www.fumssar.com.br\/index.php?rest_route=\/wp\/v2\/posts\/18531\/revisions\/18533"}],"wp:featuredmedia":[{"embeddable":true,"href":"https:\/\/www.fumssar.com.br\/index.php?rest_route=\/wp\/v2\/media\/18532"}],"wp:attachment":[{"href":"https:\/\/www.fumssar.com.br\/index.php?rest_route=%2Fwp%2Fv2%2Fmedia&parent=18531"}],"wp:term":[{"taxonomy":"category","embeddable":true,"href":"https:\/\/www.fumssar.com.br\/index.php?rest_route=%2Fwp%2Fv2%2Fcategories&post=18531"},{"taxonomy":"post_tag","embeddable":true,"href":"https:\/\/www.fumssar.com.br\/index.php?rest_route=%2Fwp%2Fv2%2Ftags&post=18531"}],"curies":[{"name":"wp","href":"https:\/\/api.w.org\/{rel}","templated":true}]}}