{"id":1851,"date":"2014-06-06T18:31:58","date_gmt":"2014-06-06T18:31:58","guid":{"rendered":"http:\/\/www.fumssar.com.br\/?p=1851"},"modified":"2024-10-07T16:36:19","modified_gmt":"2024-10-07T19:36:19","slug":"unidade-de-saude-da-pereira-atendera-em-novo-endereco","status":"publish","type":"post","link":"https:\/\/www.fumssar.com.br\/?p=1851","title":{"rendered":"Unidade de Sa\u00fade da Pereira atender\u00e1 em novo endere\u00e7o"},"content":{"rendered":"<p>A partir de segunda-feira, 9 na parte da tarde a Unidade B\u00e1sica de Sa\u00fade da Vila Pereira estar\u00e1 atendendo em novo endere\u00e7o na Avenida Buric\u00e1 793. A mudan\u00e7a \u00e9 motivada para desocupa\u00e7\u00e3o do atual pr\u00e9dio que passar\u00e1 por reformas e amplia\u00e7\u00e3o. O diretor da Gest\u00e3o Administrativa da Funda\u00e7\u00e3o Municipal de Sa\u00fade, Aldair Melchior declarou que ser\u00e3o investidos cerca de R$ 320 mil nas obras dando mais conforto para os usu\u00e1rios no atendimento. O Diretor disse ainda que a unidade necessita ser ampliada, pois a demanda cresceu muito desde a sua instala\u00e7\u00e3o em junho de 2002. As obras ser\u00e3o executadas pela construtora Souza de  Santa Rosa e o prazo para t\u00e9rmino \u00e9 de cinco meses, neste per\u00edodo ent\u00e3o o atendimento ser\u00e1 no novo endere\u00e7o  num im\u00f3vel locado pela FUMSSAR.<\/p>\n","protected":false},"excerpt":{"rendered":"<p>A partir de segunda-feira, 9 na parte da tarde a Unidade B\u00e1sica de Sa\u00fade da&#8230;<\/p>\n","protected":false},"author":11,"featured_media":1852,"comment_status":"open","ping_status":"open","sticky":false,"template":"","format":"standard","meta":{"footnotes":""},"categories":[2],"tags":[],"_links":{"self":[{"href":"https:\/\/www.fumssar.com.br\/index.php?rest_route=\/wp\/v2\/posts\/1851"}],"collection":[{"href":"https:\/\/www.fumssar.com.br\/index.php?rest_route=\/wp\/v2\/posts"}],"about":[{"href":"https:\/\/www.fumssar.com.br\/index.php?rest_route=\/wp\/v2\/types\/post"}],"author":[{"embeddable":true,"href":"https:\/\/www.fumssar.com.br\/index.php?rest_route=\/wp\/v2\/users\/11"}],"replies":[{"embeddable":true,"href":"https:\/\/www.fumssar.com.br\/index.php?rest_route=%2Fwp%2Fv2%2Fcomments&post=1851"}],"version-history":[{"count":1,"href":"https:\/\/www.fumssar.com.br\/index.php?rest_route=\/wp\/v2\/posts\/1851\/revisions"}],"predecessor-version":[{"id":1853,"href":"https:\/\/www.fumssar.com.br\/index.php?rest_route=\/wp\/v2\/posts\/1851\/revisions\/1853"}],"wp:featuredmedia":[{"embeddable":true,"href":"https:\/\/www.fumssar.com.br\/index.php?rest_route=\/wp\/v2\/media\/1852"}],"wp:attachment":[{"href":"https:\/\/www.fumssar.com.br\/index.php?rest_route=%2Fwp%2Fv2%2Fmedia&parent=1851"}],"wp:term":[{"taxonomy":"category","embeddable":true,"href":"https:\/\/www.fumssar.com.br\/index.php?rest_route=%2Fwp%2Fv2%2Fcategories&post=1851"},{"taxonomy":"post_tag","embeddable":true,"href":"https:\/\/www.fumssar.com.br\/index.php?rest_route=%2Fwp%2Fv2%2Ftags&post=1851"}],"curies":[{"name":"wp","href":"https:\/\/api.w.org\/{rel}","templated":true}]}}