{"id":18493,"date":"2021-07-26T14:31:57","date_gmt":"2021-07-26T17:31:57","guid":{"rendered":"http:\/\/www.fumssar.com.br\/?p=18493"},"modified":"2024-10-07T16:34:09","modified_gmt":"2024-10-07T19:34:09","slug":"vacinacao-contra-a-covid-19-3","status":"publish","type":"post","link":"https:\/\/www.fumssar.com.br\/?p=18493","title":{"rendered":"Vacina\u00e7\u00e3o contra a COVID-19"},"content":{"rendered":"\n<figure class=\"wp-block-image\"><img loading=\"lazy\" decoding=\"async\" width=\"1024\" height=\"768\" src=\"https:\/\/www.fumssar.com.br\/wp-content\/uploads\/2021\/07\/WhatsApp-Image-2021-07-26-at-14.29.55-1024x768.jpeg\" alt=\"\" class=\"wp-image-18494\" srcset=\"https:\/\/www.fumssar.com.br\/wp-content\/uploads\/2021\/07\/WhatsApp-Image-2021-07-26-at-14.29.55-1024x768.jpeg 1024w, https:\/\/www.fumssar.com.br\/wp-content\/uploads\/2021\/07\/WhatsApp-Image-2021-07-26-at-14.29.55-300x225.jpeg 300w, https:\/\/www.fumssar.com.br\/wp-content\/uploads\/2021\/07\/WhatsApp-Image-2021-07-26-at-14.29.55-768x576.jpeg 768w, https:\/\/www.fumssar.com.br\/wp-content\/uploads\/2021\/07\/WhatsApp-Image-2021-07-26-at-14.29.55.jpeg 1280w\" sizes=\"(max-width: 1024px) 100vw, 1024px\" \/><\/figure>\n\n\n\n<p>Santa Rosa est\u00e1 vacinando contra a COVID-19, pessoas a partir dos 36 anos. A aplica\u00e7\u00e3o das doses est\u00e1 sendo feita em todas as Unidades B\u00e1sicas de Sa\u00fade, at\u00e9 terminarem os estoques. O atendimento \u00e9 mediante agendamento pr\u00e9vio por telefone ou presencial. <\/p>\n\n\n\n<p>At\u00e9 o momento, j\u00e1 foram realizadas 59.153 vacinas. Do total, 39.555 foram de D1 (Primeira Dose), essa quantidade corresponde a 54% da popula\u00e7\u00e3o vacinada, 17.336 de D2 (Segunda Dose) e 2.262 de D.U (Dose \u00fanica), sendo assim temos 19.598 pessoas com a imuniza\u00e7\u00e3o completa, 26,7% dos santa-rosenses. Tamb\u00e9m est\u00e3o sendo aplicadas, de forma antecipada, a segunda dose da vacina AstraZeneca. Quem j\u00e1 recebeu a primeira dose da vacina h\u00e1 no m\u00ednimo dez semanas, ou seja, 70 dias da aplica\u00e7\u00e3o, j\u00e1 pode buscar uma das 18 unidades de sa\u00fade para completar o esquema vacinal. <\/p>\n\n\n\n<p>Os moradores de Santa Rosa que forem se vacinar precisam levar documento com foto, CPF, cart\u00e3o SUS e caderneta de vacina\u00e7\u00e3o.<\/p>\n","protected":false},"excerpt":{"rendered":"<p>Santa Rosa est\u00e1 vacinando contra a COVID-19, pessoas a partir dos 36 anos. A aplica\u00e7\u00e3o&#8230;<\/p>\n","protected":false},"author":36,"featured_media":18494,"comment_status":"closed","ping_status":"closed","sticky":false,"template":"","format":"standard","meta":{"footnotes":""},"categories":[152,2],"tags":[],"_links":{"self":[{"href":"https:\/\/www.fumssar.com.br\/index.php?rest_route=\/wp\/v2\/posts\/18493"}],"collection":[{"href":"https:\/\/www.fumssar.com.br\/index.php?rest_route=\/wp\/v2\/posts"}],"about":[{"href":"https:\/\/www.fumssar.com.br\/index.php?rest_route=\/wp\/v2\/types\/post"}],"author":[{"embeddable":true,"href":"https:\/\/www.fumssar.com.br\/index.php?rest_route=\/wp\/v2\/users\/36"}],"replies":[{"embeddable":true,"href":"https:\/\/www.fumssar.com.br\/index.php?rest_route=%2Fwp%2Fv2%2Fcomments&post=18493"}],"version-history":[{"count":1,"href":"https:\/\/www.fumssar.com.br\/index.php?rest_route=\/wp\/v2\/posts\/18493\/revisions"}],"predecessor-version":[{"id":18495,"href":"https:\/\/www.fumssar.com.br\/index.php?rest_route=\/wp\/v2\/posts\/18493\/revisions\/18495"}],"wp:featuredmedia":[{"embeddable":true,"href":"https:\/\/www.fumssar.com.br\/index.php?rest_route=\/wp\/v2\/media\/18494"}],"wp:attachment":[{"href":"https:\/\/www.fumssar.com.br\/index.php?rest_route=%2Fwp%2Fv2%2Fmedia&parent=18493"}],"wp:term":[{"taxonomy":"category","embeddable":true,"href":"https:\/\/www.fumssar.com.br\/index.php?rest_route=%2Fwp%2Fv2%2Fcategories&post=18493"},{"taxonomy":"post_tag","embeddable":true,"href":"https:\/\/www.fumssar.com.br\/index.php?rest_route=%2Fwp%2Fv2%2Ftags&post=18493"}],"curies":[{"name":"wp","href":"https:\/\/api.w.org\/{rel}","templated":true}]}}