{"id":18478,"date":"2021-07-23T11:56:11","date_gmt":"2021-07-23T14:56:11","guid":{"rendered":"http:\/\/www.fumssar.com.br\/?p=18478"},"modified":"2024-10-07T16:34:09","modified_gmt":"2024-10-07T19:34:09","slug":"santa-rosa-inicia-vacina-contra-covid-19-em-adolescentes-de-12-a-17-anos-com-comorbidades","status":"publish","type":"post","link":"https:\/\/www.fumssar.com.br\/?p=18478","title":{"rendered":"Santa Rosa inicia vacina contra COVID-19 em adolescentes de 12 a 17 anos com comorbidades"},"content":{"rendered":"\n<figure class=\"wp-block-image\"><img loading=\"lazy\" decoding=\"async\" width=\"1024\" height=\"682\" src=\"https:\/\/www.fumssar.com.br\/wp-content\/uploads\/2021\/07\/WhatsApp-Image-2021-04-16-at-17.29.42-1024x682.jpeg\" alt=\"\" class=\"wp-image-18479\" srcset=\"https:\/\/www.fumssar.com.br\/wp-content\/uploads\/2021\/07\/WhatsApp-Image-2021-04-16-at-17.29.42-1024x682.jpeg 1024w, https:\/\/www.fumssar.com.br\/wp-content\/uploads\/2021\/07\/WhatsApp-Image-2021-04-16-at-17.29.42-300x200.jpeg 300w, https:\/\/www.fumssar.com.br\/wp-content\/uploads\/2021\/07\/WhatsApp-Image-2021-04-16-at-17.29.42-768x512.jpeg 768w, https:\/\/www.fumssar.com.br\/wp-content\/uploads\/2021\/07\/WhatsApp-Image-2021-04-16-at-17.29.42-675x450.jpeg 675w, https:\/\/www.fumssar.com.br\/wp-content\/uploads\/2021\/07\/WhatsApp-Image-2021-04-16-at-17.29.42.jpeg 1280w\" sizes=\"(max-width: 1024px) 100vw, 1024px\" \/><\/figure>\n\n\n\n<p>A Funda\u00e7\u00e3o Municipal de Sa\u00fade de Santa Rosa informa que vai come\u00e7ar a vacina\u00e7\u00e3o contra a COVID-19, em adolescentes com comorbidades, de 12 a 17 anos. O Dia \u201cD\u201d para esse novo grupo ser\u00e1 na quarta-feira (28\/07). A imuniza\u00e7\u00e3o vai ser feita mediante agendamento pr\u00e9vio, nas seguintes Unidades B\u00e1sicas de Sa\u00fade: Auxiliadora, Centro, Cruzeiro e Planalto. Para receber a vacina, al\u00e9m do documento de identifica\u00e7\u00e3o com foto, CPF, cart\u00e3o SUS e caderneta de vacina\u00e7\u00e3o, \u00e9 preciso apresentar um comprovante da comorbidade, conforme lista da SES, que pode ser receita, laudo ou atestado m\u00e9dico. <\/p>\n\n\n\n<p>As comorbidades contempladas nesta fase de vacina\u00e7\u00e3o s\u00e3o: obesidade grave, pneumopatias cr\u00f4nicas graves, imunodeprimidos, hemoglobinopatia grave, doen\u00e7a cardiovascular, doen\u00e7a neurol\u00f3gica cr\u00f4nica e diabete Mellitus. Especifica\u00e7\u00f5es e a lista completa dos documentos comprobat\u00f3rios est\u00e3o no Informe T\u00e9cnico n\u00ba 10\/2021 da Secretaria Estadual de Sa\u00fade do RS que pode ser acessado no link: <a href=\"https:\/\/www.estado.rs.gov.br\/upload\/arquivos\/\/informe-tecnico-adolescente-comorbidades.pdf.\" target=\"_blank\" rel=\"noreferrer noopener\" aria-label=\"https:\/\/www.estado.rs.gov.br\/upload\/arquivos\/\/informe-tecnico-adolescente-comorbidades.pdf. (abre numa nova aba)\">https:\/\/www.estado.rs.gov.br\/upload\/arquivos\/\/informe-tecnico-adolescente-comorbidades.pdf.<\/a><\/p>\n\n\n\n<figure class=\"wp-block-image\"><img loading=\"lazy\" decoding=\"async\" width=\"576\" height=\"1024\" src=\"https:\/\/www.fumssar.com.br\/wp-content\/uploads\/2021\/07\/comprovantes-576x1024.png\" alt=\"\" class=\"wp-image-18480\" srcset=\"https:\/\/www.fumssar.com.br\/wp-content\/uploads\/2021\/07\/comprovantes-576x1024.png 576w, https:\/\/www.fumssar.com.br\/wp-content\/uploads\/2021\/07\/comprovantes-169x300.png 169w, https:\/\/www.fumssar.com.br\/wp-content\/uploads\/2021\/07\/comprovantes-768x1365.png 768w, https:\/\/www.fumssar.com.br\/wp-content\/uploads\/2021\/07\/comprovantes-1024x1820.png 1024w, https:\/\/www.fumssar.com.br\/wp-content\/uploads\/2021\/07\/comprovantes.png 1080w\" sizes=\"(max-width: 576px) 100vw, 576px\" \/><\/figure>\n\n\n\n<p>Esse p\u00fablico receber\u00e1 a vacina da Pfizer, a \u00fanica que pode ser aplicada em menores de 18 anos no Brasil de acordo com a Anvisa. A FUMSSAR lembra que todos adolescentes precisam estar acompanhados dos pais ou respons\u00e1veis. O agendamento deve ser feito no telefone: (55) 3513-5148 ou por mensagem no WhatsApp: (55) 3513-5118.<\/p>\n","protected":false},"excerpt":{"rendered":"<p>A Funda\u00e7\u00e3o Municipal de Sa\u00fade de Santa Rosa informa que vai come\u00e7ar a vacina\u00e7\u00e3o contra&#8230;<\/p>\n","protected":false},"author":36,"featured_media":18479,"comment_status":"closed","ping_status":"closed","sticky":false,"template":"","format":"standard","meta":{"footnotes":""},"categories":[152,2],"tags":[],"_links":{"self":[{"href":"https:\/\/www.fumssar.com.br\/index.php?rest_route=\/wp\/v2\/posts\/18478"}],"collection":[{"href":"https:\/\/www.fumssar.com.br\/index.php?rest_route=\/wp\/v2\/posts"}],"about":[{"href":"https:\/\/www.fumssar.com.br\/index.php?rest_route=\/wp\/v2\/types\/post"}],"author":[{"embeddable":true,"href":"https:\/\/www.fumssar.com.br\/index.php?rest_route=\/wp\/v2\/users\/36"}],"replies":[{"embeddable":true,"href":"https:\/\/www.fumssar.com.br\/index.php?rest_route=%2Fwp%2Fv2%2Fcomments&post=18478"}],"version-history":[{"count":1,"href":"https:\/\/www.fumssar.com.br\/index.php?rest_route=\/wp\/v2\/posts\/18478\/revisions"}],"predecessor-version":[{"id":18481,"href":"https:\/\/www.fumssar.com.br\/index.php?rest_route=\/wp\/v2\/posts\/18478\/revisions\/18481"}],"wp:featuredmedia":[{"embeddable":true,"href":"https:\/\/www.fumssar.com.br\/index.php?rest_route=\/wp\/v2\/media\/18479"}],"wp:attachment":[{"href":"https:\/\/www.fumssar.com.br\/index.php?rest_route=%2Fwp%2Fv2%2Fmedia&parent=18478"}],"wp:term":[{"taxonomy":"category","embeddable":true,"href":"https:\/\/www.fumssar.com.br\/index.php?rest_route=%2Fwp%2Fv2%2Fcategories&post=18478"},{"taxonomy":"post_tag","embeddable":true,"href":"https:\/\/www.fumssar.com.br\/index.php?rest_route=%2Fwp%2Fv2%2Ftags&post=18478"}],"curies":[{"name":"wp","href":"https:\/\/api.w.org\/{rel}","templated":true}]}}