{"id":18441,"date":"2021-07-20T16:30:43","date_gmt":"2021-07-20T19:30:43","guid":{"rendered":"http:\/\/www.fumssar.com.br\/?p=18441"},"modified":"2024-10-07T16:34:09","modified_gmt":"2024-10-07T19:34:09","slug":"santa-rosa-e-a-cidade-ate-100-mil-habitantes-que-mais-vacinou-no-rs","status":"publish","type":"post","link":"https:\/\/www.fumssar.com.br\/?p=18441","title":{"rendered":"Santa Rosa \u00e9 a cidade at\u00e9 100 mil habitantes que mais vacinou no RS"},"content":{"rendered":"\n<figure class=\"wp-block-image\"><img loading=\"lazy\" decoding=\"async\" width=\"1024\" height=\"768\" src=\"https:\/\/www.fumssar.com.br\/wp-content\/uploads\/2021\/07\/Foto-01-1024x768.jpeg\" alt=\"\" class=\"wp-image-18442\" srcset=\"https:\/\/www.fumssar.com.br\/wp-content\/uploads\/2021\/07\/Foto-01-1024x768.jpeg 1024w, https:\/\/www.fumssar.com.br\/wp-content\/uploads\/2021\/07\/Foto-01-300x225.jpeg 300w, https:\/\/www.fumssar.com.br\/wp-content\/uploads\/2021\/07\/Foto-01-768x576.jpeg 768w, https:\/\/www.fumssar.com.br\/wp-content\/uploads\/2021\/07\/Foto-01.jpeg 1600w\" sizes=\"(max-width: 1024px) 100vw, 1024px\" \/><figcaption> A Diretora da Gest\u00e3o da Aten\u00e7\u00e3o Prim\u00e1ria em Sa\u00fade, Fabiana Breitenbach e o Presidente da FUMSSAR, D\u00e9lcio Stefan<\/figcaption><\/figure>\n\n\n\n<p>O\nGovernador Eduardo Leite e a Secret\u00e1ria da Sa\u00fade, Arita Bergmann, anunciaram,\nna manh\u00e3 desta ter\u00e7a-feira (20), os vencedores da primeira etapa do Pr\u00eamio Te\nVacina RS. O objetivo \u00e9 reconhecer e valorizar os munic\u00edpios que mais vacinaram\ncontra a COVID-19 no Rio Grande do Sul. Santa Rosa ficou em primeiro lugar na\ncategoria de 50 mil at\u00e9 100 mil habitantes. <\/p>\n\n\n\n<p>O an\u00fancio aconteceu em uma transmiss\u00e3o ao vivo, nos canais oficiais do governo do Estado. A premia\u00e7\u00e3o \u00e9 de 100 mil reais e ser\u00e1 utilizada na \u00e1rea da Aten\u00e7\u00e3o Prim\u00e1ria \u00e0 Sa\u00fade para qualificar os servi\u00e7os. Para o presidente da Funda\u00e7\u00e3o Municipal de Sa\u00fade, D\u00e9lcio Stefan, essa \u00e9 uma grande conquista para o munic\u00edpio, \u201cTer Santa Rosa como a cidade que mais vacinou \u00e9 motivo de grande alegria e de celebrarmos o reconhecimento do trabalho \u00e1rduo de todos que est\u00e3o engajados na vacina\u00e7\u00e3o contra a COVID-19. Temos que destacar muito o empenho de toda nossa equipe\u201d.<\/p>\n\n\n\n<p>A\nPrefeitura sempre manteve um planejamento estrat\u00e9gico para realizar a vacina\u00e7\u00e3o\nconforme orienta\u00e7\u00e3o do Estado e do Governo Federal. O processo todo ocorreu com\nagendamento e sem problemas de fila, e nem teve a necessidade de vacina\u00e7\u00e3o aos\nfinais de semana, conforme o plano da equipe da Funda\u00e7\u00e3o de Sa\u00fade. A t\u00e9cnica de\nenfermagem, Janice Kuhn, que atua nesse processo de vacina\u00e7\u00e3o tamb\u00e9m comemorou,\n\u201c\u00c9 com a imuniza\u00e7\u00e3o que combatemos as doen\u00e7as. Me sinto grata em poder\ncontribuir com meu trabalho, na preserva\u00e7\u00e3o de vidas e em fazer parte da equipe\nFUMSSAR que conta com excelentes profissionais, empenhados com um \u00fanico\nprop\u00f3sito, atingir os 100% dos santa-rosenses vacinados\u201d. Santa Rosa j\u00e1 aplicou\nat\u00e9 o momento, 55.900 doses. Do total, 37.742 foram de D1, essa quantidade\ncorresponde a 51,5% da popula\u00e7\u00e3o vacinada, 15.897 de D2 e 2.338 de Dose \u00fanica\nDU, sendo assim temos 18.235 pessoas com a imuniza\u00e7\u00e3o completa, 24,9% dos\nsanta-rosenses.<\/p>\n\n\n\n<p>O\nc\u00e1lculo levou em considera\u00e7\u00e3o as vacinas aplicadas em rela\u00e7\u00e3o \u00e0s doses\ndistribu\u00eddas em quatro categorias. S\u00e3o duas etapas com premia\u00e7\u00e3o de R$ 625 mil,\numa divulgada nesta ter\u00e7a (20) e outra com divulga\u00e7\u00e3o em 20 de agosto. A\nDiretora da Gest\u00e3o da Aten\u00e7\u00e3o Prim\u00e1ria em Sa\u00fade, Fabiana Breitenbach agradece\nao empenho de todos os profissionais envolvidos e afirma que estar\u00e3o dando\ncontinuidade nesse trabalho, \u201cH\u00e1 um esfor\u00e7o coletivo entre os profissionais da\nFUMSSAR, com objetivo de alcan\u00e7ar um melhor cuidado para as pessoas nesta \u00e9poca\nt\u00e3o dif\u00edcil que estamos vivendo. Meu agradecimento a todas as equipes\nenvolvidas, nossa meta \u00e9 continuar avan\u00e7ando e vacinando cada vez mais\npessoas\u201d. Na segunda etapa do pr\u00eamio Te Vacina RS, ser\u00e3o consideradas as doses\nregistradas at\u00e9 \u00e0s 24h de 17 de agosto. O an\u00fancio dos vencedores ser\u00e1 em 20 de\nagosto.<\/p>\n","protected":false},"excerpt":{"rendered":"<p>O Governador Eduardo Leite e a Secret\u00e1ria da Sa\u00fade, Arita Bergmann, anunciaram, na manh\u00e3 desta&#8230;<\/p>\n","protected":false},"author":36,"featured_media":18442,"comment_status":"closed","ping_status":"closed","sticky":false,"template":"","format":"standard","meta":{"footnotes":""},"categories":[152,2],"tags":[],"_links":{"self":[{"href":"https:\/\/www.fumssar.com.br\/index.php?rest_route=\/wp\/v2\/posts\/18441"}],"collection":[{"href":"https:\/\/www.fumssar.com.br\/index.php?rest_route=\/wp\/v2\/posts"}],"about":[{"href":"https:\/\/www.fumssar.com.br\/index.php?rest_route=\/wp\/v2\/types\/post"}],"author":[{"embeddable":true,"href":"https:\/\/www.fumssar.com.br\/index.php?rest_route=\/wp\/v2\/users\/36"}],"replies":[{"embeddable":true,"href":"https:\/\/www.fumssar.com.br\/index.php?rest_route=%2Fwp%2Fv2%2Fcomments&post=18441"}],"version-history":[{"count":1,"href":"https:\/\/www.fumssar.com.br\/index.php?rest_route=\/wp\/v2\/posts\/18441\/revisions"}],"predecessor-version":[{"id":18443,"href":"https:\/\/www.fumssar.com.br\/index.php?rest_route=\/wp\/v2\/posts\/18441\/revisions\/18443"}],"wp:featuredmedia":[{"embeddable":true,"href":"https:\/\/www.fumssar.com.br\/index.php?rest_route=\/wp\/v2\/media\/18442"}],"wp:attachment":[{"href":"https:\/\/www.fumssar.com.br\/index.php?rest_route=%2Fwp%2Fv2%2Fmedia&parent=18441"}],"wp:term":[{"taxonomy":"category","embeddable":true,"href":"https:\/\/www.fumssar.com.br\/index.php?rest_route=%2Fwp%2Fv2%2Fcategories&post=18441"},{"taxonomy":"post_tag","embeddable":true,"href":"https:\/\/www.fumssar.com.br\/index.php?rest_route=%2Fwp%2Fv2%2Ftags&post=18441"}],"curies":[{"name":"wp","href":"https:\/\/api.w.org\/{rel}","templated":true}]}}