{"id":18435,"date":"2021-07-20T13:27:24","date_gmt":"2021-07-20T16:27:24","guid":{"rendered":"http:\/\/www.fumssar.com.br\/?p=18435"},"modified":"2024-10-07T16:34:09","modified_gmt":"2024-10-07T19:34:09","slug":"santa-rosa-tera-centro-macrorregional-de-referencia-em-autismo","status":"publish","type":"post","link":"https:\/\/www.fumssar.com.br\/?p=18435","title":{"rendered":"Santa Rosa ter\u00e1 Centro Macrorregional de Refer\u00eancia em Autismo"},"content":{"rendered":"\n<figure class=\"wp-block-image\"><img loading=\"lazy\" decoding=\"async\" width=\"766\" height=\"1024\" src=\"https:\/\/www.fumssar.com.br\/wp-content\/uploads\/2021\/07\/WhatsApp-Image-2021-07-19-at-17.57.26-766x1024.jpeg\" alt=\"\" class=\"wp-image-18436\" srcset=\"https:\/\/www.fumssar.com.br\/wp-content\/uploads\/2021\/07\/WhatsApp-Image-2021-07-19-at-17.57.26-766x1024.jpeg 766w, https:\/\/www.fumssar.com.br\/wp-content\/uploads\/2021\/07\/WhatsApp-Image-2021-07-19-at-17.57.26-225x300.jpeg 225w, https:\/\/www.fumssar.com.br\/wp-content\/uploads\/2021\/07\/WhatsApp-Image-2021-07-19-at-17.57.26-768x1026.jpeg 768w, https:\/\/www.fumssar.com.br\/wp-content\/uploads\/2021\/07\/WhatsApp-Image-2021-07-19-at-17.57.26.jpeg 958w\" sizes=\"(max-width: 766px) 100vw, 766px\" \/><\/figure>\n\n\n\n<p>Santa Rosa foi contemplada com um Centro Macrorregional de Refer\u00eancia em Transtorno do Espectro do Autismo (TEA). A Funda\u00e7\u00e3o Municipal de Sa\u00fade de Santa Rosa teve a aprova\u00e7\u00e3o no processo de sele\u00e7\u00e3o do Programa Estadual TEAcolhe, que incentiva a integra\u00e7\u00e3o e a expans\u00e3o das pr\u00e1ticas e atividades em rede.<br><br>A solenidade oficial foi realizada nesta segunda-feira no Pal\u00e1cio Piratini. O Presidente da FUMSSAR D\u00e9lcio Stefan participou do ato. A conquista foi poss\u00edvel gra\u00e7as ao empenho e dedica\u00e7\u00e3o da Funda\u00e7\u00e3o e das Secretarias de Gest\u00e3o, Educa\u00e7\u00e3o e Desenvolvimento Social que trabalharam muito para realiza\u00e7\u00e3o do projeto que teve aprova\u00e7\u00e3o do estado. Com um processo bem criterioso, de todas propostas encaminhadas, apenas Santa Rosa, Pelotas e Cachoeira do Sul foram contempladas.<br><br>Com o Centro Macrorregional de Refer\u00eancia em Transtorno do Espectro do Autismo (TEA), vai ser poss\u00edvel oferecer retaguarda assistencial e suporte t\u00e9cnico-pedag\u00f3gico \u00e0s equipes dos munic\u00edpios da macrorregi\u00e3o de sa\u00fade. O trabalho ser\u00e1 realizado por meio de matriciamento, nas \u00e1reas de sa\u00fade, educa\u00e7\u00e3o e assist\u00eancia social. Essa conquista, segundo o presidente da Funda\u00e7\u00e3o, D\u00e9lcio Stefan, ratifica o trabalho desenvolvido at\u00e9 aqui, \u201cEstamos imensamente felizes com essa conquista pois estamos sempre buscando o melhor para os nossos usu\u00e1rios e fam\u00edlias e aperfei\u00e7oando nossos servi\u00e7os para mais munic\u00edpios da nossa macrorregi\u00e3o&#8221;.<br><br>O Centro Macrorregional de Refer\u00eancia em TEA desenvolver\u00e1 um trabalho de matriciamento, que contar\u00e1 com uma equipe multiprofissional composta por: m\u00e9dico neurologista, psic\u00f3loga e psicopedagoga. Esses profissionais ir\u00e3o desenvolver a\u00e7\u00f5es de encaminhamento, estrutura\u00e7\u00e3o e forma\u00e7\u00f5es n\u00e3o somente para Santa Rosa, mas para os demais munic\u00edpios pertencentes \u00e0 macrorregi\u00e3o. O acolhimento, os encaminhamentos e a troca de informa\u00e7\u00f5es dentro dessa rede, possibilitar\u00e1 \u00e0s fam\u00edlias, melhor qualidade e agilidade no atendimento. <br><br>O matriciamento \u00e9 baseado na metodologia de gest\u00e3o e trabalho, que busca ampliar os atendimentos e as a\u00e7\u00f5es por meio da articula\u00e7\u00e3o e do compartilhamento de saberes, pr\u00e1ticas e aperfei\u00e7oamento da equipe matriciadora. Essa organiza\u00e7\u00e3o visa mapear as necessidades locais, regionais e macrorregionais, incentivar a cria\u00e7\u00e3o de refer\u00eancias em autismo nos munic\u00edpios e nos servi\u00e7os da macrorregi\u00e3o e, tamb\u00e9m, fortalecer redes locais existentes. O Prefeito Anderson Mantei destaca a import\u00e2ncia de todo esse trabalho e tamb\u00e9m que essa foi uma promessa de campanha, \u201cEste \u00e9 um dos itens destacados no nosso plano de governo e que agora se torna realidade no nosso munic\u00edpio. Nos sentimos muito orgulhosos por essa importante conquista que vai qualificar ainda mais o atendimento para os autistas, dentro do nosso processo de inclus\u00e3o\u201d. <br><br>Neste primeiro momento o novo Centro ser\u00e1 junto ao CEREST Fronteira Noroeste, a Farm\u00e1cia Municipal e ao Centro de Pr\u00e1ticas Integrativas e Complementares. Em m\u00e9dio prazo, ser\u00e1 realocado para um local definitivo. O Centro vem consolidar Santa Rosa como exemplo de qualifica\u00e7\u00e3o no atendimento, agora com maior abrang\u00eancia e amplia\u00e7\u00e3o dos servi\u00e7os prestados. Esta nova etapa vem agregar na trajet\u00f3ria de trabalho em TEA que j\u00e1 vinha sendo realizada pelo CER II &#8211; Centro Especializado em Reabilita\u00e7\u00e3o Auditiva e Intelectual. O CER II, na modalidade intelectual, divide a demanda de atendimentos com a APAE, atendendo Santa Rosa e mais 04 munic\u00edpios da regi\u00e3o.<br><br>A partir de agora, a experi\u00eancia de Santa Rosa se torna refer\u00eancia para outros 79 munic\u00edpios pertencentes da Macrorregi\u00e3o de Sa\u00fade Missioneira que est\u00e1 localizada no noroeste do Estado do Rio Grande do Sul, com uma popula\u00e7\u00e3o de 886.927 habitantes (TCU 2018). A macrorregi\u00e3o est\u00e1 dividida em quatro Coordenadorias Regionais de Sa\u00fade (9\u00aa, 12\u00aa, 14\u00aa e 17\u00aa CRS) e tamb\u00e9m dividida em quatro Regi\u00f5es de Sa\u00fade que s\u00e3o: R 11 &#8211; Sete Povos das Miss\u00f5es (12\u00aa CRS \u2013 Santo \u00c2ngelo); R 12 &#8211; Portal das Miss\u00f5es (9\u00aa CRS \u2013 Cruz Alta); R 13 \u2013 Diversidade (17\u00aa CRS &#8211; Iju\u00ed) e R 14 &#8211; Fronteira Noroeste (14\u00aa CRS \u2013 Santa Rosa).<\/p>\n","protected":false},"excerpt":{"rendered":"<p>Santa Rosa foi contemplada com um Centro Macrorregional de Refer\u00eancia em Transtorno do Espectro do&#8230;<\/p>\n","protected":false},"author":36,"featured_media":18436,"comment_status":"closed","ping_status":"closed","sticky":false,"template":"","format":"standard","meta":{"footnotes":""},"categories":[2],"tags":[],"_links":{"self":[{"href":"https:\/\/www.fumssar.com.br\/index.php?rest_route=\/wp\/v2\/posts\/18435"}],"collection":[{"href":"https:\/\/www.fumssar.com.br\/index.php?rest_route=\/wp\/v2\/posts"}],"about":[{"href":"https:\/\/www.fumssar.com.br\/index.php?rest_route=\/wp\/v2\/types\/post"}],"author":[{"embeddable":true,"href":"https:\/\/www.fumssar.com.br\/index.php?rest_route=\/wp\/v2\/users\/36"}],"replies":[{"embeddable":true,"href":"https:\/\/www.fumssar.com.br\/index.php?rest_route=%2Fwp%2Fv2%2Fcomments&post=18435"}],"version-history":[{"count":1,"href":"https:\/\/www.fumssar.com.br\/index.php?rest_route=\/wp\/v2\/posts\/18435\/revisions"}],"predecessor-version":[{"id":18437,"href":"https:\/\/www.fumssar.com.br\/index.php?rest_route=\/wp\/v2\/posts\/18435\/revisions\/18437"}],"wp:featuredmedia":[{"embeddable":true,"href":"https:\/\/www.fumssar.com.br\/index.php?rest_route=\/wp\/v2\/media\/18436"}],"wp:attachment":[{"href":"https:\/\/www.fumssar.com.br\/index.php?rest_route=%2Fwp%2Fv2%2Fmedia&parent=18435"}],"wp:term":[{"taxonomy":"category","embeddable":true,"href":"https:\/\/www.fumssar.com.br\/index.php?rest_route=%2Fwp%2Fv2%2Fcategories&post=18435"},{"taxonomy":"post_tag","embeddable":true,"href":"https:\/\/www.fumssar.com.br\/index.php?rest_route=%2Fwp%2Fv2%2Ftags&post=18435"}],"curies":[{"name":"wp","href":"https:\/\/api.w.org\/{rel}","templated":true}]}}