{"id":18427,"date":"2021-07-19T14:04:31","date_gmt":"2021-07-19T17:04:31","guid":{"rendered":"http:\/\/www.fumssar.com.br\/?p=18427"},"modified":"2024-10-07T16:34:09","modified_gmt":"2024-10-07T19:34:09","slug":"vacinacao-avanca-para-pessoas-acima-dos-38-anos","status":"publish","type":"post","link":"https:\/\/www.fumssar.com.br\/?p=18427","title":{"rendered":"Vacina\u00e7\u00e3o avan\u00e7a para pessoas acima dos 38 anos"},"content":{"rendered":"\n<figure class=\"wp-block-image\"><img loading=\"lazy\" decoding=\"async\" width=\"1024\" height=\"768\" src=\"https:\/\/www.fumssar.com.br\/wp-content\/uploads\/2021\/07\/WhatsApp-Image-2021-07-19-at-14.01.52-1024x768.jpeg\" alt=\"\" class=\"wp-image-18428\" srcset=\"https:\/\/www.fumssar.com.br\/wp-content\/uploads\/2021\/07\/WhatsApp-Image-2021-07-19-at-14.01.52-1024x768.jpeg 1024w, https:\/\/www.fumssar.com.br\/wp-content\/uploads\/2021\/07\/WhatsApp-Image-2021-07-19-at-14.01.52-300x225.jpeg 300w, https:\/\/www.fumssar.com.br\/wp-content\/uploads\/2021\/07\/WhatsApp-Image-2021-07-19-at-14.01.52-768x576.jpeg 768w, https:\/\/www.fumssar.com.br\/wp-content\/uploads\/2021\/07\/WhatsApp-Image-2021-07-19-at-14.01.52.jpeg 1280w\" sizes=\"(max-width: 1024px) 100vw, 1024px\" \/><\/figure>\n\n\n\n<p>Hoje inicia a vacina\u00e7\u00e3o contra a COVID-19 para pessoas a partir dos 38 anos. A aplica\u00e7\u00e3o das doses ser\u00e1 feita em todas as Unidades B\u00e1sicas de Sa\u00fade at\u00e9 terminarem os estoques.<\/p>\n\n\n\n<p>A Funda\u00e7\u00e3o Municipal de Sa\u00fade de Santa Rosa recebeu 1.275 novas doses para dose um (D1) e 5.710 para segunda dose (D2). O atendimento ser\u00e1 mediante agendamento pr\u00e9vio por telefone ou presencial. Os moradores de Santa Rosa que forem se vacinar precisam levar documento com foto, CPF, cart\u00e3o SUS e caderneta de vacina\u00e7\u00e3o. <\/p>\n\n\n\n<p>Santa Rosa j\u00e1 aplicou at\u00e9 o momento, 55.180 doses. Do total, 37.238 foram de D1, essa quantidade corresponde a 50,8% da popula\u00e7\u00e3o vacinada, 15.681 de D2 e 2.338 de Dose \u00fanica DU, sendo assim temos 18.019 pessoas com a imuniza\u00e7\u00e3o completa, 24,6% dos santa-rosenses. Tamb\u00e9m est\u00e3o sendo aplicadas de forma antecipada a segunda dose da vacina AstraZeneca. Quem j\u00e1 recebeu a primeira dose da vacina h\u00e1 no m\u00ednimo dez semanas, ou seja, 70 dias da aplica\u00e7\u00e3o, j\u00e1 pode buscar uma das 18 unidades de sa\u00fade para completar o esquema vacinal.<\/p>\n\n\n\n<p>A FUMSSAR informa que a Secretaria de Sa\u00fade (SES) distribuiu para os munic\u00edpios da fronteira, doses extras de vacina contra a COVID-19. Essas doses de D1 s\u00e3o para refor\u00e7ar a prote\u00e7\u00e3o contra novas variantes do Coronav\u00edrus, contudo, Santa Rosa n\u00e3o faz parte desta rela\u00e7\u00e3o dos mun\u00edcios da fronteira e por isso recebeu apenas a remessa de 1.275 doses para D1.<br><br>*Importante: Pessoas que se vacinaram contra a Influenza (GRIPE) precisam aguardar o prazo de 14 dias para poder receber a vacina contra a COVID-19.<\/p>\n","protected":false},"excerpt":{"rendered":"<p>Hoje inicia a vacina\u00e7\u00e3o contra a COVID-19 para pessoas a partir dos 38 anos. A&#8230;<\/p>\n","protected":false},"author":36,"featured_media":18428,"comment_status":"closed","ping_status":"closed","sticky":false,"template":"","format":"standard","meta":{"footnotes":""},"categories":[152,2],"tags":[],"_links":{"self":[{"href":"https:\/\/www.fumssar.com.br\/index.php?rest_route=\/wp\/v2\/posts\/18427"}],"collection":[{"href":"https:\/\/www.fumssar.com.br\/index.php?rest_route=\/wp\/v2\/posts"}],"about":[{"href":"https:\/\/www.fumssar.com.br\/index.php?rest_route=\/wp\/v2\/types\/post"}],"author":[{"embeddable":true,"href":"https:\/\/www.fumssar.com.br\/index.php?rest_route=\/wp\/v2\/users\/36"}],"replies":[{"embeddable":true,"href":"https:\/\/www.fumssar.com.br\/index.php?rest_route=%2Fwp%2Fv2%2Fcomments&post=18427"}],"version-history":[{"count":3,"href":"https:\/\/www.fumssar.com.br\/index.php?rest_route=\/wp\/v2\/posts\/18427\/revisions"}],"predecessor-version":[{"id":18431,"href":"https:\/\/www.fumssar.com.br\/index.php?rest_route=\/wp\/v2\/posts\/18427\/revisions\/18431"}],"wp:featuredmedia":[{"embeddable":true,"href":"https:\/\/www.fumssar.com.br\/index.php?rest_route=\/wp\/v2\/media\/18428"}],"wp:attachment":[{"href":"https:\/\/www.fumssar.com.br\/index.php?rest_route=%2Fwp%2Fv2%2Fmedia&parent=18427"}],"wp:term":[{"taxonomy":"category","embeddable":true,"href":"https:\/\/www.fumssar.com.br\/index.php?rest_route=%2Fwp%2Fv2%2Fcategories&post=18427"},{"taxonomy":"post_tag","embeddable":true,"href":"https:\/\/www.fumssar.com.br\/index.php?rest_route=%2Fwp%2Fv2%2Ftags&post=18427"}],"curies":[{"name":"wp","href":"https:\/\/api.w.org\/{rel}","templated":true}]}}