{"id":1834,"date":"2014-06-03T20:17:06","date_gmt":"2014-06-03T20:17:06","guid":{"rendered":"http:\/\/www.fumssar.com.br\/?p=1834"},"modified":"2024-10-07T16:36:19","modified_gmt":"2024-10-07T19:36:19","slug":"unidade-de-saude-da-sulina-realizou-encontro-de-ex-tabagistas","status":"publish","type":"post","link":"https:\/\/www.fumssar.com.br\/?p=1834","title":{"rendered":"Unidade de Sa\u00fade da Sulina realizou encontro de Ex-Tabagistas"},"content":{"rendered":"<p><a href=\"http:\/\/www.fumssar.com.br\/wp-content\/uploads\/2014\/06\/DSCN7756.jpg\"><img loading=\"lazy\" decoding=\"async\" src=\"http:\/\/www.fumssar.com.br\/wp-content\/uploads\/2014\/06\/DSCN7756-300x225.jpg\" alt=\"DSCN7756\" width=\"300\" height=\"225\" class=\"alignnone size-medium wp-image-1836\" srcset=\"https:\/\/www.fumssar.com.br\/wp-content\/uploads\/2014\/06\/DSCN7756-300x225.jpg 300w, https:\/\/www.fumssar.com.br\/wp-content\/uploads\/2014\/06\/DSCN7756.jpg 640w\" sizes=\"(max-width: 300px) 100vw, 300px\" \/><\/a>Ex &#8211; tabagistas tiveram um encontro na semana passada na Unidade de Sa\u00fade do Bairro Sulina. O grupo formado por cerca de 15 pessoas teve um momento de confraterniza\u00e7\u00e3o e tamb\u00e9m passaram por avalia\u00e7\u00e3o por profissionais que participam do tratamento. A Coordenadora da unidade Janice Kuhn disse que os grupos de combate ao tabagismo existem h\u00e1 sete anos e s\u00e3o realizados em m\u00e9dia dois por ano, sempre com a participa\u00e7\u00e3o de 15 a 20 pessoas. Inicialmente o interessado na primeira sess\u00e3o \u00e9 marcado uma consulta m\u00e9dica onde \u00e9 feita uma avalia\u00e7\u00e3o clinica do paciente. A M\u00e9dica que coordena os grupos \u00e9 a Dr\u00aa. Eola-Mar Siqueira acompanhada  na parte de sa\u00fade bucal  pela odont\u00f3loga  Dr\u00aa Ligia Kerkoff. Fazem parte como suporte outros profissionais como: educadora f\u00edsica,terapeuta ocupacional psic\u00f3loga e t\u00e9cnico de enfermagem e os encontros s\u00e3o realizados todas as quartas-feiras.<br \/>\nConforme relata um dos integrantes do Grupo Elidio Redel, 65 anos ele fumou durante 48 anos,e h\u00e1 mais de dois anos e meio n\u00e3o possui mais o v\u00edcio do cigarro. Para ele desde ent\u00e3o a sua vida mudou muito em v\u00e1rios aspectos, principalmente na sa\u00fade. Ele disse que foi uma mudan\u00e7a muito dr\u00e1stica mas que foi para melhor, conforme ele os alimentos ficam com outros sabores  a sua respira\u00e7\u00e3o melhorou muito. \u201cQuando eu fumava eu caminhava alguns metros e j\u00e1 ficava ofegante e hoje n\u00e3o, eu me sinto outra pessoa\u201d destacou El\u00eddio. Ele disse que o tratamento previsto \u00e9 de sete semanas, mas no seu caso j\u00e1 no terceiro encontro veio a decis\u00e3o de parar com o v\u00edcio,\tdisse ainda que sua fam\u00edlia ficou feliz com a decis\u00e3o e que foi muito comemorado por todos. Mirdes Knebel, outra ex-fumante  disse que usou cigarros durante quarenta anos e, que no quarto encontro parou, e tamb\u00e9m j\u00e1 fazem quase tr\u00eas anos  o vicio n\u00e3o faz mais parte da sua vida. \u201c Descobri que a vida tem outras coisas mais importantes do que o cigarro\u201d ressaltou Mirdes. Ela destacou que atualmente pratica  esportes, como gin\u00e1stica e c\u00e2mbio e tamb\u00e9m realiza v\u00e1rias atividades na comunidade. <\/p>\n","protected":false},"excerpt":{"rendered":"<p>Ex &#8211; tabagistas tiveram um encontro na semana passada na Unidade de Sa\u00fade do Bairro&#8230;<\/p>\n","protected":false},"author":11,"featured_media":1835,"comment_status":"open","ping_status":"open","sticky":false,"template":"","format":"standard","meta":{"footnotes":""},"categories":[2],"tags":[],"_links":{"self":[{"href":"https:\/\/www.fumssar.com.br\/index.php?rest_route=\/wp\/v2\/posts\/1834"}],"collection":[{"href":"https:\/\/www.fumssar.com.br\/index.php?rest_route=\/wp\/v2\/posts"}],"about":[{"href":"https:\/\/www.fumssar.com.br\/index.php?rest_route=\/wp\/v2\/types\/post"}],"author":[{"embeddable":true,"href":"https:\/\/www.fumssar.com.br\/index.php?rest_route=\/wp\/v2\/users\/11"}],"replies":[{"embeddable":true,"href":"https:\/\/www.fumssar.com.br\/index.php?rest_route=%2Fwp%2Fv2%2Fcomments&post=1834"}],"version-history":[{"count":1,"href":"https:\/\/www.fumssar.com.br\/index.php?rest_route=\/wp\/v2\/posts\/1834\/revisions"}],"predecessor-version":[{"id":1837,"href":"https:\/\/www.fumssar.com.br\/index.php?rest_route=\/wp\/v2\/posts\/1834\/revisions\/1837"}],"wp:featuredmedia":[{"embeddable":true,"href":"https:\/\/www.fumssar.com.br\/index.php?rest_route=\/wp\/v2\/media\/1835"}],"wp:attachment":[{"href":"https:\/\/www.fumssar.com.br\/index.php?rest_route=%2Fwp%2Fv2%2Fmedia&parent=1834"}],"wp:term":[{"taxonomy":"category","embeddable":true,"href":"https:\/\/www.fumssar.com.br\/index.php?rest_route=%2Fwp%2Fv2%2Fcategories&post=1834"},{"taxonomy":"post_tag","embeddable":true,"href":"https:\/\/www.fumssar.com.br\/index.php?rest_route=%2Fwp%2Fv2%2Ftags&post=1834"}],"curies":[{"name":"wp","href":"https:\/\/api.w.org\/{rel}","templated":true}]}}