{"id":18305,"date":"2021-07-09T16:49:25","date_gmt":"2021-07-09T19:49:25","guid":{"rendered":"http:\/\/www.fumssar.com.br\/?p=18305"},"modified":"2024-10-07T16:34:10","modified_gmt":"2024-10-07T19:34:10","slug":"secretarios-de-saude-da-14a-coordenadoria-regional-de-saude-se-reunem-na-fumssar","status":"publish","type":"post","link":"https:\/\/www.fumssar.com.br\/?p=18305","title":{"rendered":"Secret\u00e1rios de Sa\u00fade da 14\u00aa Coordenadoria Regional de Sa\u00fade se re\u00fanem na FUMSSAR"},"content":{"rendered":"\n<figure class=\"wp-block-image\"><img loading=\"lazy\" decoding=\"async\" width=\"677\" height=\"524\" src=\"http:\/\/www.fumssar.com.br\/wp-content\/uploads\/2021\/07\/Screenshot_20210709-1646152.png\" alt=\"\" class=\"wp-image-18307\" srcset=\"https:\/\/www.fumssar.com.br\/wp-content\/uploads\/2021\/07\/Screenshot_20210709-1646152.png 677w, https:\/\/www.fumssar.com.br\/wp-content\/uploads\/2021\/07\/Screenshot_20210709-1646152-300x232.png 300w\" sizes=\"(max-width: 677px) 100vw, 677px\" \/><\/figure>\n\n\n\n<p>Na \u00faltima quarta-feira (07), estiveram reunidos no audit\u00f3rio da FUMSSAR, secret\u00e1rios de sa\u00fade de diversos munic\u00edpios pertencentes \u00e0 14\u00aa Coordenadoria Regional de Sa\u00fade. A reuni\u00e3o foi convocada pelo Cons\u00f3rcio P\u00fablico Fronteira Noroeste \u2013 COFRON para definir a\u00e7\u00f5es sobre os servi\u00e7os hospitalares e cirurgias eletivas p\u00f3s-COVID.<\/p>\n\n\n\n<p>Tamb\u00e9m foi pauta, o novo Sistema de Gerenciamento de Marca\u00e7\u00e3o de Consultas \u2013 GERCON que ser\u00e1 implementado pela Secretaria de Sa\u00fade do Rio Grande do Sul. Para a Secret\u00e1ria Municipal de Sa\u00fade de Porto Vera Cruz e Secret\u00e1ria Presidente no COFRON, Glaucia Milani Carmona, o novo sistema vem trazer mais transpar\u00eancia e equidade nas filas de espera para consultas com especialistas. \u201cO GERCON vem consolidar aquilo que n\u00f3s como secret\u00e1rios sempre buscamos, oferecer para a nossa regi\u00e3o, o melhor nas especialidades em sa\u00fade\u201d. <\/p>\n\n\n\n<p>O presidente da Funda\u00e7\u00e3o D\u00e9lcio Stefan, destacou a import\u00e2ncia da integra\u00e7\u00e3o entre os secret\u00e1rios de sa\u00fade da 14\u00aa, \u201cAl\u00e9m de promover a integra\u00e7\u00e3o entre os munic\u00edpios, a reuni\u00e3o nos permite organizar e aprimorar da melhor maneira, os servi\u00e7os de interesse da nossa regi\u00e3o\u201d. Os secret\u00e1rios da 14\u00aa Coordenadoria Regional de Sa\u00fade ir\u00e3o se reunir novamente na pr\u00f3xima semana para definir como ser\u00e1 a implementa\u00e7\u00e3o do GERCON nos munic\u00edpios.<\/p>\n","protected":false},"excerpt":{"rendered":"<p>Na \u00faltima quarta-feira (07), estiveram reunidos no audit\u00f3rio da FUMSSAR, secret\u00e1rios de sa\u00fade de diversos&#8230;<\/p>\n","protected":false},"author":36,"featured_media":18307,"comment_status":"closed","ping_status":"closed","sticky":false,"template":"","format":"standard","meta":{"footnotes":""},"categories":[2],"tags":[],"_links":{"self":[{"href":"https:\/\/www.fumssar.com.br\/index.php?rest_route=\/wp\/v2\/posts\/18305"}],"collection":[{"href":"https:\/\/www.fumssar.com.br\/index.php?rest_route=\/wp\/v2\/posts"}],"about":[{"href":"https:\/\/www.fumssar.com.br\/index.php?rest_route=\/wp\/v2\/types\/post"}],"author":[{"embeddable":true,"href":"https:\/\/www.fumssar.com.br\/index.php?rest_route=\/wp\/v2\/users\/36"}],"replies":[{"embeddable":true,"href":"https:\/\/www.fumssar.com.br\/index.php?rest_route=%2Fwp%2Fv2%2Fcomments&post=18305"}],"version-history":[{"count":1,"href":"https:\/\/www.fumssar.com.br\/index.php?rest_route=\/wp\/v2\/posts\/18305\/revisions"}],"predecessor-version":[{"id":18308,"href":"https:\/\/www.fumssar.com.br\/index.php?rest_route=\/wp\/v2\/posts\/18305\/revisions\/18308"}],"wp:featuredmedia":[{"embeddable":true,"href":"https:\/\/www.fumssar.com.br\/index.php?rest_route=\/wp\/v2\/media\/18307"}],"wp:attachment":[{"href":"https:\/\/www.fumssar.com.br\/index.php?rest_route=%2Fwp%2Fv2%2Fmedia&parent=18305"}],"wp:term":[{"taxonomy":"category","embeddable":true,"href":"https:\/\/www.fumssar.com.br\/index.php?rest_route=%2Fwp%2Fv2%2Fcategories&post=18305"},{"taxonomy":"post_tag","embeddable":true,"href":"https:\/\/www.fumssar.com.br\/index.php?rest_route=%2Fwp%2Fv2%2Ftags&post=18305"}],"curies":[{"name":"wp","href":"https:\/\/api.w.org\/{rel}","templated":true}]}}