{"id":1830,"date":"2014-06-03T13:41:52","date_gmt":"2014-06-03T13:41:52","guid":{"rendered":"http:\/\/www.fumssar.com.br\/?p=1830"},"modified":"2024-10-07T16:36:19","modified_gmt":"2024-10-07T19:36:19","slug":"bairro-timbauva-recebeu-academia-da-saude-nesta-sexta-feira","status":"publish","type":"post","link":"https:\/\/www.fumssar.com.br\/?p=1830","title":{"rendered":"Bairro Timba\u00fava recebeu Academia da Sa\u00fade nesta sexta-feira"},"content":{"rendered":"<p><a href=\"http:\/\/www.fumssar.com.br\/wp-content\/uploads\/2014\/06\/timbauva2.jpg\"><img loading=\"lazy\" decoding=\"async\" src=\"http:\/\/www.fumssar.com.br\/wp-content\/uploads\/2014\/06\/timbauva2-300x225.jpg\" alt=\"timbauva2\" width=\"300\" height=\"225\" class=\"alignnone size-medium wp-image-1832\" srcset=\"https:\/\/www.fumssar.com.br\/wp-content\/uploads\/2014\/06\/timbauva2-300x225.jpg 300w, https:\/\/www.fumssar.com.br\/wp-content\/uploads\/2014\/06\/timbauva2.jpg 640w\" sizes=\"(max-width: 300px) 100vw, 300px\" \/><\/a>A Administra\u00e7\u00e3o Municipal de Santa Rosa e a Funda\u00e7\u00e3o Municipal de Sa\u00fade entregaram no final da tarde desta sexta-feira, mais uma Academia da Sa\u00fade. Desta vez a comunidade contemplada foi o Bairro Timba\u00fava. Autoridades, lideran\u00e7as pol\u00edticas e comunit\u00e1rias prestigiaram o evento e tamb\u00e9m houve uma presen\u00e7a muito grande de moradores da localidade. O evento contou com uma mateada com a anima\u00e7\u00e3o de m\u00fasicos locais num ambiente festivo, e com a realiza\u00e7\u00e3o de uma aula inaugural com uma orientadora f\u00edsica da FUMSSAR. As academias s\u00e3o disponibilizadas para a comunidade para a pr\u00e1tica de exerc\u00edcios f\u00edsicos e de lazer, nos \u00faltimos meses tr\u00eas comunidades de Santa Rosa foram beneficiadas com estes empreendimentos, e existem ainda em constru\u00e7\u00e3o mais duas academias e uma outra que deve ser iniciada a constru\u00e7\u00e3o em breve. O presidente da FUMSSAR Dr. Lu\u00eds Ant\u00f4nio Benvegn\u00fa destacou que este \u00e9 mais um mecanismo que vem contribuir com a qualidade de vida da popula\u00e7\u00e3o. O Prefeito Alcides Vicini em seu pronunciamento disse que uma administra\u00e7\u00e3o s\u00e9ria deve e competente dedicar esfor\u00e7os para o bem estar comum de seus mun\u00edcipes, e que os recursos oriundos de qualquer esfera devem ser aplicados com muita seriedade.<\/p>\n","protected":false},"excerpt":{"rendered":"<p>A Administra\u00e7\u00e3o Municipal de Santa Rosa e a Funda\u00e7\u00e3o Municipal de Sa\u00fade entregaram no final&#8230;<\/p>\n","protected":false},"author":11,"featured_media":1831,"comment_status":"open","ping_status":"open","sticky":false,"template":"","format":"standard","meta":{"footnotes":""},"categories":[2],"tags":[],"_links":{"self":[{"href":"https:\/\/www.fumssar.com.br\/index.php?rest_route=\/wp\/v2\/posts\/1830"}],"collection":[{"href":"https:\/\/www.fumssar.com.br\/index.php?rest_route=\/wp\/v2\/posts"}],"about":[{"href":"https:\/\/www.fumssar.com.br\/index.php?rest_route=\/wp\/v2\/types\/post"}],"author":[{"embeddable":true,"href":"https:\/\/www.fumssar.com.br\/index.php?rest_route=\/wp\/v2\/users\/11"}],"replies":[{"embeddable":true,"href":"https:\/\/www.fumssar.com.br\/index.php?rest_route=%2Fwp%2Fv2%2Fcomments&post=1830"}],"version-history":[{"count":1,"href":"https:\/\/www.fumssar.com.br\/index.php?rest_route=\/wp\/v2\/posts\/1830\/revisions"}],"predecessor-version":[{"id":1833,"href":"https:\/\/www.fumssar.com.br\/index.php?rest_route=\/wp\/v2\/posts\/1830\/revisions\/1833"}],"wp:featuredmedia":[{"embeddable":true,"href":"https:\/\/www.fumssar.com.br\/index.php?rest_route=\/wp\/v2\/media\/1831"}],"wp:attachment":[{"href":"https:\/\/www.fumssar.com.br\/index.php?rest_route=%2Fwp%2Fv2%2Fmedia&parent=1830"}],"wp:term":[{"taxonomy":"category","embeddable":true,"href":"https:\/\/www.fumssar.com.br\/index.php?rest_route=%2Fwp%2Fv2%2Fcategories&post=1830"},{"taxonomy":"post_tag","embeddable":true,"href":"https:\/\/www.fumssar.com.br\/index.php?rest_route=%2Fwp%2Fv2%2Ftags&post=1830"}],"curies":[{"name":"wp","href":"https:\/\/api.w.org\/{rel}","templated":true}]}}