{"id":1807,"date":"2014-05-27T17:41:02","date_gmt":"2014-05-27T17:41:02","guid":{"rendered":"http:\/\/www.fumssar.com.br\/?p=1807"},"modified":"2024-10-07T16:36:19","modified_gmt":"2024-10-07T19:36:19","slug":"fumssar-avalia-gestao-com-equipe-administrativa-em-um-encontro-de-confraternizacao","status":"publish","type":"post","link":"https:\/\/www.fumssar.com.br\/?p=1807","title":{"rendered":"Fumssar avalia gest\u00e3o com equipe administrativa em um encontro de confraterniza\u00e7\u00e3o"},"content":{"rendered":"<p><a href=\"http:\/\/www.fumssar.com.br\/wp-content\/uploads\/2014\/05\/reuni\u00e3o-3.jpg\"><img loading=\"lazy\" decoding=\"async\" src=\"http:\/\/www.fumssar.com.br\/wp-content\/uploads\/2014\/05\/reuni\u00e3o-3-300x225.jpg\" alt=\"reuni\u00e3o 3\" width=\"300\" height=\"225\" class=\"alignnone size-medium wp-image-1811\" srcset=\"https:\/\/www.fumssar.com.br\/wp-content\/uploads\/2014\/05\/reuni\u00e3o-3-300x225.jpg 300w, https:\/\/www.fumssar.com.br\/wp-content\/uploads\/2014\/05\/reuni\u00e3o-3.jpg 640w\" sizes=\"(max-width: 300px) 100vw, 300px\" \/><\/a><a href=\"http:\/\/www.fumssar.com.br\/wp-content\/uploads\/2014\/05\/reuni\u00e3o11.jpg\"><img loading=\"lazy\" decoding=\"async\" src=\"http:\/\/www.fumssar.com.br\/wp-content\/uploads\/2014\/05\/reuni\u00e3o11-300x225.jpg\" alt=\"reuni\u00e3o1\" width=\"300\" height=\"225\" class=\"alignnone size-medium wp-image-1810\" srcset=\"https:\/\/www.fumssar.com.br\/wp-content\/uploads\/2014\/05\/reuni\u00e3o11-300x225.jpg 300w, https:\/\/www.fumssar.com.br\/wp-content\/uploads\/2014\/05\/reuni\u00e3o11.jpg 640w\" sizes=\"(max-width: 300px) 100vw, 300px\" \/><\/a>Em uma reuni\u00e3o realizada na noite de ter\u00e7a-feira (26), a Funda\u00e7\u00e3o Municipal de Sa\u00fade-FUMSSAR reuniu toda a sua equipe administrativa da atual gest\u00e3o. No encontro, diretores, coordenadores, gerentes e chefes de setores puderam acompanhar a avali\u00e7\u00e3o das a\u00e7\u00f5es desenvolvida at\u00e9 o presente momento. Segundo o Presidente da FUMSSAR, Dr. Lu\u00eds Ant\u00f4nio Benvegn\u00fa estes encontros devem ocorrer com mais frequ\u00eancia para que a sintonia entre os diversos setores da institui\u00e7\u00e3o mantenham uma sintonia com rela\u00e7\u00e3o \u00e0 gest\u00e3o.<br \/>\n      Benvegn\u00fa apresentou aos presentes todas as a\u00e7\u00f5es desenvolvidas at\u00e9 o momento da gest\u00e3o comandada por ele na administra\u00e7\u00e3o da Funda\u00e7\u00e3o. O presidente afirmou que a atual gest\u00e3o conseguiu um marco hist\u00f3rico na rede de sa\u00fade p\u00fablica, conforme prometido de disponibilizar um profissional m\u00e9dico de sa\u00fade da fam\u00edlia em cada uma das dezessete unidades existentes no munic\u00edpio. Ele destacou ainda que o sistema \u00fanico de sa\u00fade em Santa Rosa tem evolu\u00eddo a cada ano e sempre demonstrando a sua efici\u00eancia mesmo que ainda haja alguns problemas a serem sanados e a atual gest\u00e3o vem se esfor\u00e7ando para sana-los. Outras a\u00e7\u00f5es destacadas foram a contrata\u00e7\u00e3o pela primeira vez   de um m\u00e9dico pediatra com quarenta horas para atender na rede, bem como de uma fisioterapeuta que inclusive vai prestar atendimento nas resid\u00eancias de usu\u00e1rios que n\u00e3o podem se deslocar at\u00e9 as unidades. Benvegn\u00fa ainda destacou  a implanta\u00e7\u00e3o do Centro de Refer\u00eancia em sa\u00fade do trabalhador CEREST e r o Centro de Aten\u00e7\u00e3o Psicossocial AD, que somam-se a estrutura da FUMSSAR, oferecendo ainda mais servi\u00e7os \u00e0 popula\u00e7\u00e3o.<br \/>\n\tAo referir-se a sua equipe o presidente  destacou que cada um dos servidores fazem parte da constru\u00e7\u00e3o de um servi\u00e7o  cada vez mais eficiente com a ado\u00e7\u00e3o de postura \u00e9tica e profissional em todos os atendimentos. \u201cPrecisamos de voc\u00ea para a constru\u00e7\u00e3o de nossa hist\u00f3ria\u201d ressaltou.  Ele disse ainda que os servidores  s\u00e3o a base que ele conta como diferencial na constru\u00e7\u00e3o do servi\u00e7os, sendo cada um a principal for\u00e7a motriz que movimenta a FUMSSAR ele disse ainda do orgulho que sente em fazer parte da grande institui\u00e7\u00e3o que \u00e9 a Funda\u00e7\u00e3o  e  de compor este grupo seleto da gest\u00e3o da sa\u00fade Municipal. Ap\u00f3s a reuni\u00e3o foi oferecido um jantar estendido aos familiares dos servidores do quadro administrativo na sede da Associa\u00e7\u00e3o dos Aposentados e pensionistas. <\/p>\n","protected":false},"excerpt":{"rendered":"<p>Em uma reuni\u00e3o realizada na noite de ter\u00e7a-feira (26), a Funda\u00e7\u00e3o Municipal de Sa\u00fade-FUMSSAR reuniu&#8230;<\/p>\n","protected":false},"author":11,"featured_media":1809,"comment_status":"open","ping_status":"open","sticky":false,"template":"","format":"standard","meta":{"footnotes":""},"categories":[2],"tags":[],"_links":{"self":[{"href":"https:\/\/www.fumssar.com.br\/index.php?rest_route=\/wp\/v2\/posts\/1807"}],"collection":[{"href":"https:\/\/www.fumssar.com.br\/index.php?rest_route=\/wp\/v2\/posts"}],"about":[{"href":"https:\/\/www.fumssar.com.br\/index.php?rest_route=\/wp\/v2\/types\/post"}],"author":[{"embeddable":true,"href":"https:\/\/www.fumssar.com.br\/index.php?rest_route=\/wp\/v2\/users\/11"}],"replies":[{"embeddable":true,"href":"https:\/\/www.fumssar.com.br\/index.php?rest_route=%2Fwp%2Fv2%2Fcomments&post=1807"}],"version-history":[{"count":1,"href":"https:\/\/www.fumssar.com.br\/index.php?rest_route=\/wp\/v2\/posts\/1807\/revisions"}],"predecessor-version":[{"id":1812,"href":"https:\/\/www.fumssar.com.br\/index.php?rest_route=\/wp\/v2\/posts\/1807\/revisions\/1812"}],"wp:featuredmedia":[{"embeddable":true,"href":"https:\/\/www.fumssar.com.br\/index.php?rest_route=\/wp\/v2\/media\/1809"}],"wp:attachment":[{"href":"https:\/\/www.fumssar.com.br\/index.php?rest_route=%2Fwp%2Fv2%2Fmedia&parent=1807"}],"wp:term":[{"taxonomy":"category","embeddable":true,"href":"https:\/\/www.fumssar.com.br\/index.php?rest_route=%2Fwp%2Fv2%2Fcategories&post=1807"},{"taxonomy":"post_tag","embeddable":true,"href":"https:\/\/www.fumssar.com.br\/index.php?rest_route=%2Fwp%2Fv2%2Ftags&post=1807"}],"curies":[{"name":"wp","href":"https:\/\/api.w.org\/{rel}","templated":true}]}}