{"id":17824,"date":"2021-07-06T17:26:44","date_gmt":"2021-07-06T20:26:44","guid":{"rendered":"http:\/\/www.fumssar.com.br\/?p=17824"},"modified":"2023-07-05T08:31:16","modified_gmt":"2023-07-05T11:31:16","slug":"faixa-etaria-vacinacao-covid-19","status":"publish","type":"post","link":"https:\/\/www.fumssar.com.br\/?p=17824","title":{"rendered":"Quem pode se vacinar agora?"},"content":{"rendered":"\n<figure class=\"wp-block-image\"><img loading=\"lazy\" decoding=\"async\" width=\"1024\" height=\"1024\" src=\"https:\/\/www.fumssar.com.br\/wp-content\/uploads\/2023\/04\/Azul-e-Verde-Corporativo-Limpo-Informa\u00e7\u00f5es-Sobre-Vacina-Cartaz-de-Sa\u00fade-Geral-Post-para-Instagram-1024x1024.png\" alt=\"\" class=\"wp-image-23763\" srcset=\"https:\/\/www.fumssar.com.br\/wp-content\/uploads\/2023\/04\/Azul-e-Verde-Corporativo-Limpo-Informa\u00e7\u00f5es-Sobre-Vacina-Cartaz-de-Sa\u00fade-Geral-Post-para-Instagram-1024x1024.png 1024w, https:\/\/www.fumssar.com.br\/wp-content\/uploads\/2023\/04\/Azul-e-Verde-Corporativo-Limpo-Informa\u00e7\u00f5es-Sobre-Vacina-Cartaz-de-Sa\u00fade-Geral-Post-para-Instagram-150x150.png 150w, https:\/\/www.fumssar.com.br\/wp-content\/uploads\/2023\/04\/Azul-e-Verde-Corporativo-Limpo-Informa\u00e7\u00f5es-Sobre-Vacina-Cartaz-de-Sa\u00fade-Geral-Post-para-Instagram-300x300.png 300w, https:\/\/www.fumssar.com.br\/wp-content\/uploads\/2023\/04\/Azul-e-Verde-Corporativo-Limpo-Informa\u00e7\u00f5es-Sobre-Vacina-Cartaz-de-Sa\u00fade-Geral-Post-para-Instagram-768x768.png 768w, https:\/\/www.fumssar.com.br\/wp-content\/uploads\/2023\/04\/Azul-e-Verde-Corporativo-Limpo-Informa\u00e7\u00f5es-Sobre-Vacina-Cartaz-de-Sa\u00fade-Geral-Post-para-Instagram.png 1080w\" sizes=\"(max-width: 1024px) 100vw, 1024px\" \/><figcaption>Doses Monovalentes<\/figcaption><\/figure>\n\n\n\n<figure class=\"wp-block-image\"><img loading=\"lazy\" decoding=\"async\" width=\"1024\" height=\"1024\" src=\"https:\/\/www.fumssar.com.br\/wp-content\/uploads\/2023\/07\/Azul-e-Verde-Corporativo-Limpo-Informa\u00e7\u00f5es-Sobre-Vacina-Cartaz-de-Sa\u00fade-Geral-Post-para-Instagram-7-1-1024x1024.png\" alt=\"\" class=\"wp-image-24611\" srcset=\"https:\/\/www.fumssar.com.br\/wp-content\/uploads\/2023\/07\/Azul-e-Verde-Corporativo-Limpo-Informa\u00e7\u00f5es-Sobre-Vacina-Cartaz-de-Sa\u00fade-Geral-Post-para-Instagram-7-1-1024x1024.png 1024w, https:\/\/www.fumssar.com.br\/wp-content\/uploads\/2023\/07\/Azul-e-Verde-Corporativo-Limpo-Informa\u00e7\u00f5es-Sobre-Vacina-Cartaz-de-Sa\u00fade-Geral-Post-para-Instagram-7-1-150x150.png 150w, https:\/\/www.fumssar.com.br\/wp-content\/uploads\/2023\/07\/Azul-e-Verde-Corporativo-Limpo-Informa\u00e7\u00f5es-Sobre-Vacina-Cartaz-de-Sa\u00fade-Geral-Post-para-Instagram-7-1-300x300.png 300w, https:\/\/www.fumssar.com.br\/wp-content\/uploads\/2023\/07\/Azul-e-Verde-Corporativo-Limpo-Informa\u00e7\u00f5es-Sobre-Vacina-Cartaz-de-Sa\u00fade-Geral-Post-para-Instagram-7-1-768x768.png 768w, https:\/\/www.fumssar.com.br\/wp-content\/uploads\/2023\/07\/Azul-e-Verde-Corporativo-Limpo-Informa\u00e7\u00f5es-Sobre-Vacina-Cartaz-de-Sa\u00fade-Geral-Post-para-Instagram-7-1.png 1080w\" sizes=\"(max-width: 1024px) 100vw, 1024px\" \/><figcaption>Doses Bivalentes<\/figcaption><\/figure>\n\n\n\n<h3 class=\"wp-block-heading\">Quantidade de Pessoas por Faixa Et\u00e1ria para vacinar contra a COVID-19<\/h3>\n\n\n\n<figure class=\"wp-block-image\"><img loading=\"lazy\" decoding=\"async\" width=\"576\" height=\"1024\" src=\"https:\/\/www.fumssar.com.br\/wp-content\/uploads\/2021\/07\/Qtd-pessoas-576x1024.png\" alt=\"\" class=\"wp-image-18335\" srcset=\"https:\/\/www.fumssar.com.br\/wp-content\/uploads\/2021\/07\/Qtd-pessoas-576x1024.png 576w, https:\/\/www.fumssar.com.br\/wp-content\/uploads\/2021\/07\/Qtd-pessoas-169x300.png 169w, https:\/\/www.fumssar.com.br\/wp-content\/uploads\/2021\/07\/Qtd-pessoas-768x1365.png 768w, https:\/\/www.fumssar.com.br\/wp-content\/uploads\/2021\/07\/Qtd-pessoas-1024x1820.png 1024w, https:\/\/www.fumssar.com.br\/wp-content\/uploads\/2021\/07\/Qtd-pessoas.png 1080w\" sizes=\"(max-width: 576px) 100vw, 576px\" \/><figcaption>*Dados retirados do site IBGE Cidades &#8211; Santa Rosa, conforme censo de 2010<\/figcaption><\/figure>\n\n\n\n<h2 class=\"wp-block-heading\">Grupos j\u00e1 imunizados<\/h2>\n\n\n\n<div class=\"wp-block-image\"><figure class=\"alignleft\"><img loading=\"lazy\" decoding=\"async\" width=\"940\" height=\"788\" src=\"https:\/\/www.fumssar.com.br\/wp-content\/uploads\/2021\/07\/Grupos-J\u00e1-Imunizados-1.png\" alt=\"\" class=\"wp-image-18159\" srcset=\"https:\/\/www.fumssar.com.br\/wp-content\/uploads\/2021\/07\/Grupos-J\u00e1-Imunizados-1.png 940w, https:\/\/www.fumssar.com.br\/wp-content\/uploads\/2021\/07\/Grupos-J\u00e1-Imunizados-1-300x251.png 300w, https:\/\/www.fumssar.com.br\/wp-content\/uploads\/2021\/07\/Grupos-J\u00e1-Imunizados-1-768x644.png 768w\" sizes=\"(max-width: 940px) 100vw, 940px\" \/><\/figure><\/div>\n","protected":false},"excerpt":{"rendered":"<p>Quantidade de Pessoas por Faixa Et\u00e1ria para vacinar contra a COVID-19 Grupos j\u00e1 imunizados<\/p>\n","protected":false},"author":36,"featured_media":0,"comment_status":"closed","ping_status":"closed","sticky":false,"template":"","format":"standard","meta":{"footnotes":""},"categories":[1],"tags":[],"_links":{"self":[{"href":"https:\/\/www.fumssar.com.br\/index.php?rest_route=\/wp\/v2\/posts\/17824"}],"collection":[{"href":"https:\/\/www.fumssar.com.br\/index.php?rest_route=\/wp\/v2\/posts"}],"about":[{"href":"https:\/\/www.fumssar.com.br\/index.php?rest_route=\/wp\/v2\/types\/post"}],"author":[{"embeddable":true,"href":"https:\/\/www.fumssar.com.br\/index.php?rest_route=\/wp\/v2\/users\/36"}],"replies":[{"embeddable":true,"href":"https:\/\/www.fumssar.com.br\/index.php?rest_route=%2Fwp%2Fv2%2Fcomments&post=17824"}],"version-history":[{"count":50,"href":"https:\/\/www.fumssar.com.br\/index.php?rest_route=\/wp\/v2\/posts\/17824\/revisions"}],"predecessor-version":[{"id":24612,"href":"https:\/\/www.fumssar.com.br\/index.php?rest_route=\/wp\/v2\/posts\/17824\/revisions\/24612"}],"wp:attachment":[{"href":"https:\/\/www.fumssar.com.br\/index.php?rest_route=%2Fwp%2Fv2%2Fmedia&parent=17824"}],"wp:term":[{"taxonomy":"category","embeddable":true,"href":"https:\/\/www.fumssar.com.br\/index.php?rest_route=%2Fwp%2Fv2%2Fcategories&post=17824"},{"taxonomy":"post_tag","embeddable":true,"href":"https:\/\/www.fumssar.com.br\/index.php?rest_route=%2Fwp%2Fv2%2Ftags&post=17824"}],"curies":[{"name":"wp","href":"https:\/\/api.w.org\/{rel}","templated":true}]}}