{"id":17793,"date":"2021-07-02T11:14:36","date_gmt":"2021-07-02T14:14:36","guid":{"rendered":"http:\/\/www.fumssar.com.br\/?p=17793"},"modified":"2024-10-07T16:34:10","modified_gmt":"2024-10-07T19:34:10","slug":"fumssar-recebe-homenagem-dos-vereadores","status":"publish","type":"post","link":"https:\/\/www.fumssar.com.br\/?p=17793","title":{"rendered":"FUMSSAR recebe homenagem dos vereadores"},"content":{"rendered":"\n<figure class=\"wp-block-image\"><img loading=\"lazy\" decoding=\"async\" width=\"1024\" height=\"768\" src=\"https:\/\/www.fumssar.com.br\/wp-content\/uploads\/2021\/07\/WhatsApp-Image-2021-07-01-at-15.47.56-1024x768.jpeg\" alt=\"\" class=\"wp-image-17794\" srcset=\"https:\/\/www.fumssar.com.br\/wp-content\/uploads\/2021\/07\/WhatsApp-Image-2021-07-01-at-15.47.56-1024x768.jpeg 1024w, https:\/\/www.fumssar.com.br\/wp-content\/uploads\/2021\/07\/WhatsApp-Image-2021-07-01-at-15.47.56-300x225.jpeg 300w, https:\/\/www.fumssar.com.br\/wp-content\/uploads\/2021\/07\/WhatsApp-Image-2021-07-01-at-15.47.56-768x576.jpeg 768w, https:\/\/www.fumssar.com.br\/wp-content\/uploads\/2021\/07\/WhatsApp-Image-2021-07-01-at-15.47.56.jpeg 1156w\" sizes=\"(max-width: 1024px) 100vw, 1024px\" \/><\/figure>\n\n\n\n<p>A C\u00e2mara Municipal de Vereadores de Santa Rosa entregou quinta-feira(01), uma Mo\u00e7\u00e3o de Congratula\u00e7\u00f5es \u00e0 Funda\u00e7\u00e3o Municipal de Sa\u00fade de Santa Rosa. A homenagem foi para os profissionais Enfermeiros, T\u00e9cnicos e Auxiliares de Enfermagem pelo Dia Internacional da Enfermagem, comemorado no dia 12 de maio. A homenagem tamb\u00e9m fez refer\u00eancia pelo Dia Nacional do T\u00e9cnico e Auxiliar de Enfermagem, comemorado em 20 de maio. A mo\u00e7\u00e3o foi entregue simbolicamente para alguns representantes das categorias. Os vereadores agradeceram os profissionais por sua dedica\u00e7\u00e3o e reafirmaram a import\u00e2ncia do trabalho realizado, especialmente no enfrentamento ao COVID-19.<\/p>\n","protected":false},"excerpt":{"rendered":"<p>A C\u00e2mara Municipal de Vereadores de Santa Rosa entregou quinta-feira(01), uma Mo\u00e7\u00e3o de Congratula\u00e7\u00f5es \u00e0&#8230;<\/p>\n","protected":false},"author":36,"featured_media":17794,"comment_status":"closed","ping_status":"closed","sticky":false,"template":"","format":"standard","meta":{"footnotes":""},"categories":[2],"tags":[],"_links":{"self":[{"href":"https:\/\/www.fumssar.com.br\/index.php?rest_route=\/wp\/v2\/posts\/17793"}],"collection":[{"href":"https:\/\/www.fumssar.com.br\/index.php?rest_route=\/wp\/v2\/posts"}],"about":[{"href":"https:\/\/www.fumssar.com.br\/index.php?rest_route=\/wp\/v2\/types\/post"}],"author":[{"embeddable":true,"href":"https:\/\/www.fumssar.com.br\/index.php?rest_route=\/wp\/v2\/users\/36"}],"replies":[{"embeddable":true,"href":"https:\/\/www.fumssar.com.br\/index.php?rest_route=%2Fwp%2Fv2%2Fcomments&post=17793"}],"version-history":[{"count":1,"href":"https:\/\/www.fumssar.com.br\/index.php?rest_route=\/wp\/v2\/posts\/17793\/revisions"}],"predecessor-version":[{"id":17795,"href":"https:\/\/www.fumssar.com.br\/index.php?rest_route=\/wp\/v2\/posts\/17793\/revisions\/17795"}],"wp:featuredmedia":[{"embeddable":true,"href":"https:\/\/www.fumssar.com.br\/index.php?rest_route=\/wp\/v2\/media\/17794"}],"wp:attachment":[{"href":"https:\/\/www.fumssar.com.br\/index.php?rest_route=%2Fwp%2Fv2%2Fmedia&parent=17793"}],"wp:term":[{"taxonomy":"category","embeddable":true,"href":"https:\/\/www.fumssar.com.br\/index.php?rest_route=%2Fwp%2Fv2%2Fcategories&post=17793"},{"taxonomy":"post_tag","embeddable":true,"href":"https:\/\/www.fumssar.com.br\/index.php?rest_route=%2Fwp%2Fv2%2Ftags&post=17793"}],"curies":[{"name":"wp","href":"https:\/\/api.w.org\/{rel}","templated":true}]}}