{"id":17790,"date":"2021-07-02T11:07:25","date_gmt":"2021-07-02T14:07:25","guid":{"rendered":"http:\/\/www.fumssar.com.br\/?p=17790"},"modified":"2024-10-07T16:34:10","modified_gmt":"2024-10-07T19:34:10","slug":"caps-ii-e-caps-ad-participam-de-curso-sobre-luto","status":"publish","type":"post","link":"https:\/\/www.fumssar.com.br\/?p=17790","title":{"rendered":"CAPS II e CAPS AD participam de curso sobre luto"},"content":{"rendered":"\n<figure class=\"wp-block-image\"><img loading=\"lazy\" decoding=\"async\" width=\"1024\" height=\"768\" src=\"https:\/\/www.fumssar.com.br\/wp-content\/uploads\/2021\/07\/WhatsApp-Image-2021-07-02-at-10.43.39-1024x768.jpeg\" alt=\"\" class=\"wp-image-17791\" srcset=\"https:\/\/www.fumssar.com.br\/wp-content\/uploads\/2021\/07\/WhatsApp-Image-2021-07-02-at-10.43.39-1024x768.jpeg 1024w, https:\/\/www.fumssar.com.br\/wp-content\/uploads\/2021\/07\/WhatsApp-Image-2021-07-02-at-10.43.39-300x225.jpeg 300w, https:\/\/www.fumssar.com.br\/wp-content\/uploads\/2021\/07\/WhatsApp-Image-2021-07-02-at-10.43.39-768x576.jpeg 768w, https:\/\/www.fumssar.com.br\/wp-content\/uploads\/2021\/07\/WhatsApp-Image-2021-07-02-at-10.43.39.jpeg 1280w\" sizes=\"(max-width: 1024px) 100vw, 1024px\" \/><\/figure>\n\n\n\n<p>Profissionais\ndos Centros de Aten\u00e7\u00e3o Psicossocial: CAPS II \u2013 Novo Rumo e do CAPS AD &#8211;\nMovimento participaram de curso sobre luto. A atividade foi ministrada de forma\nonline pela Dra. Maria Helena Franco do Instituto Maria Helena Franco. <\/p>\n\n\n\n<p>A\ncapacita\u00e7\u00e3o tem 06 horas de carga hor\u00e1ria e ser\u00e1 dividida em dois encontros de\n03 horas cada. O curso tem objetivo de trazer conhecimento sobre o luto:\nconceito, tipos de luto: luto saud\u00e1vel; complicado (inibido, adiado, cr\u00f4nico,\ndistorcido, prolongado); antecipat\u00f3rio; n\u00e3o reconhecido; individual, familiar,\nsocial, coletivo; vic\u00e1rio; Luto e COVID-19; Fatores de risco e fatores de\nprote\u00e7\u00e3o em rela\u00e7\u00e3o ao luto complicado; V\u00ednculos cont\u00ednuos; Rituais;\nAutocuidado e Como Cuidar de pessoas enlutadas. A inten\u00e7\u00e3o da FUMSSAR \u00e9\noportunizar um aprimoramento para os profissionais.<\/p>\n","protected":false},"excerpt":{"rendered":"<p>Profissionais dos Centros de Aten\u00e7\u00e3o Psicossocial: CAPS II \u2013 Novo Rumo e do CAPS AD&#8230;<\/p>\n","protected":false},"author":36,"featured_media":17791,"comment_status":"closed","ping_status":"closed","sticky":false,"template":"","format":"standard","meta":{"footnotes":""},"categories":[2],"tags":[],"_links":{"self":[{"href":"https:\/\/www.fumssar.com.br\/index.php?rest_route=\/wp\/v2\/posts\/17790"}],"collection":[{"href":"https:\/\/www.fumssar.com.br\/index.php?rest_route=\/wp\/v2\/posts"}],"about":[{"href":"https:\/\/www.fumssar.com.br\/index.php?rest_route=\/wp\/v2\/types\/post"}],"author":[{"embeddable":true,"href":"https:\/\/www.fumssar.com.br\/index.php?rest_route=\/wp\/v2\/users\/36"}],"replies":[{"embeddable":true,"href":"https:\/\/www.fumssar.com.br\/index.php?rest_route=%2Fwp%2Fv2%2Fcomments&post=17790"}],"version-history":[{"count":1,"href":"https:\/\/www.fumssar.com.br\/index.php?rest_route=\/wp\/v2\/posts\/17790\/revisions"}],"predecessor-version":[{"id":17792,"href":"https:\/\/www.fumssar.com.br\/index.php?rest_route=\/wp\/v2\/posts\/17790\/revisions\/17792"}],"wp:featuredmedia":[{"embeddable":true,"href":"https:\/\/www.fumssar.com.br\/index.php?rest_route=\/wp\/v2\/media\/17791"}],"wp:attachment":[{"href":"https:\/\/www.fumssar.com.br\/index.php?rest_route=%2Fwp%2Fv2%2Fmedia&parent=17790"}],"wp:term":[{"taxonomy":"category","embeddable":true,"href":"https:\/\/www.fumssar.com.br\/index.php?rest_route=%2Fwp%2Fv2%2Fcategories&post=17790"},{"taxonomy":"post_tag","embeddable":true,"href":"https:\/\/www.fumssar.com.br\/index.php?rest_route=%2Fwp%2Fv2%2Ftags&post=17790"}],"curies":[{"name":"wp","href":"https:\/\/api.w.org\/{rel}","templated":true}]}}