{"id":17772,"date":"2021-06-30T13:25:13","date_gmt":"2021-06-30T16:25:13","guid":{"rendered":"http:\/\/www.fumssar.com.br\/?p=17772"},"modified":"2024-10-07T16:34:11","modified_gmt":"2024-10-07T19:34:11","slug":"santa-rosa-inicia-vacinacao-para-pessoas-a-partir-dos-46-anos","status":"publish","type":"post","link":"https:\/\/www.fumssar.com.br\/?p=17772","title":{"rendered":"Santa Rosa inicia vacina\u00e7\u00e3o para pessoas a partir dos 46 anos"},"content":{"rendered":"\n<figure class=\"wp-block-image\"><img loading=\"lazy\" decoding=\"async\" width=\"1024\" height=\"768\" src=\"https:\/\/www.fumssar.com.br\/wp-content\/uploads\/2021\/06\/WhatsApp-Image-2021-06-30-at-11.37.09-1024x768.jpeg\" alt=\"\" class=\"wp-image-17773\" srcset=\"https:\/\/www.fumssar.com.br\/wp-content\/uploads\/2021\/06\/WhatsApp-Image-2021-06-30-at-11.37.09-1024x768.jpeg 1024w, https:\/\/www.fumssar.com.br\/wp-content\/uploads\/2021\/06\/WhatsApp-Image-2021-06-30-at-11.37.09-300x225.jpeg 300w, https:\/\/www.fumssar.com.br\/wp-content\/uploads\/2021\/06\/WhatsApp-Image-2021-06-30-at-11.37.09-768x576.jpeg 768w, https:\/\/www.fumssar.com.br\/wp-content\/uploads\/2021\/06\/WhatsApp-Image-2021-06-30-at-11.37.09.jpeg 1280w\" sizes=\"(max-width: 1024px) 100vw, 1024px\" \/><\/figure>\n\n\n\n<p>Santa Rosa ir\u00e1 avan\u00e7ar na vacina\u00e7\u00e3o contra a COVID-19, por faixa et\u00e1ria. A partir de amanh\u00e3, 01\/07, quinta-feira, ser\u00e3o vacinadas pessoas a partir dos 46 anos.  <\/p>\n\n\n\n<p>A aplica\u00e7\u00e3o das doses ser\u00e1 feita em todas as Unidades B\u00e1sicas de Sa\u00fade. O atendimento ser\u00e1 mediante agendamento pr\u00e9vio por telefone ou presencial. Todos que forem se vacinar precisam levar documento com foto, CPF, cart\u00e3o SUS e se poss\u00edvel caderneta de vacina\u00e7\u00e3o. <\/p>\n\n\n\n<p>Santa Rosa j\u00e1 aplicou at\u00e9 o momento, 41.401 doses. Do total, 30.797 foram de D1, essa quantidade corresponde a 42,2% da popula\u00e7\u00e3o vacinada e 10.604 de D2 que corresponde a 14,5% da popula\u00e7\u00e3o.<\/p>\n\n\n\n<p>*Importante: Pessoas que se vacinaram contra a Influenza (GRIPE) precisam aguardar o prazo de 14 dias para poder receber a vacina contra a COVID-19.<\/p>\n","protected":false},"excerpt":{"rendered":"<p>Santa Rosa ir\u00e1 avan\u00e7ar na vacina\u00e7\u00e3o contra a COVID-19, por faixa et\u00e1ria. A partir de&#8230;<\/p>\n","protected":false},"author":36,"featured_media":17773,"comment_status":"closed","ping_status":"closed","sticky":false,"template":"","format":"standard","meta":{"footnotes":""},"categories":[152,2],"tags":[],"_links":{"self":[{"href":"https:\/\/www.fumssar.com.br\/index.php?rest_route=\/wp\/v2\/posts\/17772"}],"collection":[{"href":"https:\/\/www.fumssar.com.br\/index.php?rest_route=\/wp\/v2\/posts"}],"about":[{"href":"https:\/\/www.fumssar.com.br\/index.php?rest_route=\/wp\/v2\/types\/post"}],"author":[{"embeddable":true,"href":"https:\/\/www.fumssar.com.br\/index.php?rest_route=\/wp\/v2\/users\/36"}],"replies":[{"embeddable":true,"href":"https:\/\/www.fumssar.com.br\/index.php?rest_route=%2Fwp%2Fv2%2Fcomments&post=17772"}],"version-history":[{"count":1,"href":"https:\/\/www.fumssar.com.br\/index.php?rest_route=\/wp\/v2\/posts\/17772\/revisions"}],"predecessor-version":[{"id":17774,"href":"https:\/\/www.fumssar.com.br\/index.php?rest_route=\/wp\/v2\/posts\/17772\/revisions\/17774"}],"wp:featuredmedia":[{"embeddable":true,"href":"https:\/\/www.fumssar.com.br\/index.php?rest_route=\/wp\/v2\/media\/17773"}],"wp:attachment":[{"href":"https:\/\/www.fumssar.com.br\/index.php?rest_route=%2Fwp%2Fv2%2Fmedia&parent=17772"}],"wp:term":[{"taxonomy":"category","embeddable":true,"href":"https:\/\/www.fumssar.com.br\/index.php?rest_route=%2Fwp%2Fv2%2Fcategories&post=17772"},{"taxonomy":"post_tag","embeddable":true,"href":"https:\/\/www.fumssar.com.br\/index.php?rest_route=%2Fwp%2Fv2%2Ftags&post=17772"}],"curies":[{"name":"wp","href":"https:\/\/api.w.org\/{rel}","templated":true}]}}