{"id":17721,"date":"2021-06-24T15:26:13","date_gmt":"2021-06-24T18:26:13","guid":{"rendered":"http:\/\/www.fumssar.com.br\/?p=17721"},"modified":"2024-10-07T16:34:11","modified_gmt":"2024-10-07T19:34:11","slug":"fundacao-conta-com-equipe-de-apoio-e-monitoramento-covid-19","status":"publish","type":"post","link":"https:\/\/www.fumssar.com.br\/?p=17721","title":{"rendered":"Funda\u00e7\u00e3o conta com equipe de apoio e monitoramento COVID-19"},"content":{"rendered":"\n<figure class=\"wp-block-image\"><img loading=\"lazy\" decoding=\"async\" width=\"768\" height=\"1024\" src=\"https:\/\/www.fumssar.com.br\/wp-content\/uploads\/2021\/06\/WhatsApp-Image-2021-06-21-at-16.57.07-768x1024.jpeg\" alt=\"\" class=\"wp-image-17722\" srcset=\"https:\/\/www.fumssar.com.br\/wp-content\/uploads\/2021\/06\/WhatsApp-Image-2021-06-21-at-16.57.07-768x1024.jpeg 768w, https:\/\/www.fumssar.com.br\/wp-content\/uploads\/2021\/06\/WhatsApp-Image-2021-06-21-at-16.57.07-225x300.jpeg 225w, https:\/\/www.fumssar.com.br\/wp-content\/uploads\/2021\/06\/WhatsApp-Image-2021-06-21-at-16.57.07.jpeg 780w\" sizes=\"(max-width: 768px) 100vw, 768px\" \/><\/figure>\n\n\n\n<p>A Funda\u00e7\u00e3o Municipal de Sa\u00fade de Santa Rosa, atrav\u00e9s da Aten\u00e7\u00e3o B\u00e1sica criou no ano passado a Equipe de Apoio e Monitoramento \u00e0 Pandemia &#8211; COVID-19. Esse servi\u00e7o iniciou para auxiliar no enfrentamento ao coronav\u00edrus, acompanhar os casos e mensurar os dados da doen\u00e7a no munic\u00edpio. <br>\nO servi\u00e7o conta com uma equipe multidisciplinar, composta por 06 pessoas, 04 T\u00e9cnicos de Enfermagem e 02 Educadores F\u00edsicos, m\u00e9dico, dentista, auxiliar de sa\u00fade bucal, entre outros. O acompanhamento \u00e9 di\u00e1rio dos casos suspeitos e positivos remotamente. Para o presidente da FUMSSAR, D\u00e9lcio Stefan, este \u00e9 um importante servi\u00e7o oferecido neste momento de pandemia, \u201cAtrav\u00e9s da Equipe de Apoio e Monitoramento, conseguimos acompanhar o quadro do paciente e orientar de maneira correta o que fazer, onde ir, e como evitar que o v\u00edrus se espalhe, al\u00e9m de mensurar o n\u00famero de casos di\u00e1rios, semanais e mensais em Santa Rosa\u201d.<br>\nA equipe recebe os dados dos pacientes com sintomas gripais ap\u00f3s consulta no Hospital Abosco ou em alguma das Unidades Sentinelas. Atrav\u00e9s destes dados, a equipe contata o paciente atrav\u00e9s do n\u00famero de telefone indicado no cadastro e inicia o monitoramento do mesmo, agendando o teste quando necess\u00e1rio e orientando quanto ao isolamento do usu\u00e1rio e de seus familiares. As farm\u00e1cias e laborat\u00f3rios encaminham os resultados dos testes para a equipe que d\u00e1 continuidade no acompanhamento das pessoas que positivam. Ap\u00f3s 14 dias de isolamento, o paciente recebe alta pela equipe. <br>\nA Equipe de Apoio e Monitoramento \u00e9 tamb\u00e9m respons\u00e1vel por informar diariamente para a Vigil\u00e2ncia, os dados atualizados que constam no Boletim COVID-19 que \u00e9 publicado todos os dias no site da FUMSSAR. O trabalho da equipe ocorre de segunda a sexta-feira das 07h30 \u00e0s 11h30 e das 13h30 \u00e0s 17h30. As orienta\u00e7\u00f5es t\u00e9cnicas do monitoramento s\u00e3o de acordo com notas t\u00e9cnicas do Minist\u00e9rio da Sa\u00fade e a Nota Informativa 30 COE\/SES \u2013 RS.<\/p>\n\n\n\n<p>Informa\u00e7\u00f5es COVID:<\/p>\n\n\n\n<p>Popula\u00e7\u00e3o total (conforme dados do estado): 72.919 habitantes em Santa Rosa<br>\nDados do vacin\u00f4metro at\u00e9 ontem, total de D1 = 28.797 essa quantidade corresponde a 39,4% da popula\u00e7\u00e3o vacinada e D2= 10.468 corresponde a 14,3% da popula\u00e7\u00e3o. Total de doses aplicadas: 39.265<br>\nGrupos j\u00e1 imunizados:<\/p>\n\n\n\n<ul><li>Profissionais de Sa\u00fade<\/li><li>Idosos<\/li><li>Pessoas com Comorbidades elencadas pelo MS a partir de 18 anos<\/li><li>Trabalhadores da Educa\u00e7\u00e3o (Ensino Infantil at\u00e9 Superior &#8211; T\u00e9cnico e Profissionalizante)<\/li><li>Pessoas com Defici\u00eancia Permanente<\/li><li>Pessoas em Situa\u00e7\u00e3o de Rua<\/li><li>Popula\u00e7\u00e3o Privada de Liberdade<\/li><li>Profissionais das For\u00e7as de Seguran\u00e7a e Salvamento<\/li><li>Trabalhadores de Transporte Coletivo<\/li><li>Caminhoneiros<\/li><li>Gestantes e Pu\u00e9rperas (Em andamento)<\/li><li>Pessoas por faixa et\u00e1ria (a partir de 51 anos)<br>\nA expectativa para as pr\u00f3ximas semanas, conforme chegarem novas doses, \u00e9 avan\u00e7ar na vacina\u00e7\u00e3o por faixa et\u00e1ria.<\/li><\/ul>\n","protected":false},"excerpt":{"rendered":"<p>A Funda\u00e7\u00e3o Municipal de Sa\u00fade de Santa Rosa, atrav\u00e9s da Aten\u00e7\u00e3o B\u00e1sica criou no ano&#8230;<\/p>\n","protected":false},"author":36,"featured_media":17722,"comment_status":"closed","ping_status":"closed","sticky":false,"template":"","format":"standard","meta":{"footnotes":""},"categories":[152,2],"tags":[],"_links":{"self":[{"href":"https:\/\/www.fumssar.com.br\/index.php?rest_route=\/wp\/v2\/posts\/17721"}],"collection":[{"href":"https:\/\/www.fumssar.com.br\/index.php?rest_route=\/wp\/v2\/posts"}],"about":[{"href":"https:\/\/www.fumssar.com.br\/index.php?rest_route=\/wp\/v2\/types\/post"}],"author":[{"embeddable":true,"href":"https:\/\/www.fumssar.com.br\/index.php?rest_route=\/wp\/v2\/users\/36"}],"replies":[{"embeddable":true,"href":"https:\/\/www.fumssar.com.br\/index.php?rest_route=%2Fwp%2Fv2%2Fcomments&post=17721"}],"version-history":[{"count":1,"href":"https:\/\/www.fumssar.com.br\/index.php?rest_route=\/wp\/v2\/posts\/17721\/revisions"}],"predecessor-version":[{"id":17723,"href":"https:\/\/www.fumssar.com.br\/index.php?rest_route=\/wp\/v2\/posts\/17721\/revisions\/17723"}],"wp:featuredmedia":[{"embeddable":true,"href":"https:\/\/www.fumssar.com.br\/index.php?rest_route=\/wp\/v2\/media\/17722"}],"wp:attachment":[{"href":"https:\/\/www.fumssar.com.br\/index.php?rest_route=%2Fwp%2Fv2%2Fmedia&parent=17721"}],"wp:term":[{"taxonomy":"category","embeddable":true,"href":"https:\/\/www.fumssar.com.br\/index.php?rest_route=%2Fwp%2Fv2%2Fcategories&post=17721"},{"taxonomy":"post_tag","embeddable":true,"href":"https:\/\/www.fumssar.com.br\/index.php?rest_route=%2Fwp%2Fv2%2Ftags&post=17721"}],"curies":[{"name":"wp","href":"https:\/\/api.w.org\/{rel}","templated":true}]}}