{"id":1764,"date":"2014-05-23T13:44:59","date_gmt":"2014-05-23T13:44:59","guid":{"rendered":"http:\/\/www.fumssar.com.br\/?p=1764"},"modified":"2024-10-07T16:36:19","modified_gmt":"2024-10-07T19:36:19","slug":"timbauva-recebera-academia-da-saude","status":"publish","type":"post","link":"https:\/\/www.fumssar.com.br\/?p=1764","title":{"rendered":"Timba\u00fava receber\u00e1 Academia da Sa\u00fade"},"content":{"rendered":"<p><a href=\"http:\/\/www.fumssar.com.br\/wp-content\/uploads\/2014\/05\/FAIXA-INAUGURA\u00c7\u00c3O-ACADEMIA-DA-SA\u00daDE-BAIRRO-TIMBAUVA-80X4.jpg\"><img loading=\"lazy\" decoding=\"async\" src=\"http:\/\/www.fumssar.com.br\/wp-content\/uploads\/2014\/05\/FAIXA-INAUGURA\u00c7\u00c3O-ACADEMIA-DA-SA\u00daDE-BAIRRO-TIMBAUVA-80X4-300x60.jpg\" alt=\"FAIXA INAUGURA\u00c7\u00c3O ACADEMIA DA SA\u00daDE BAIRRO TIMBAUVA 80X4\" width=\"300\" height=\"60\" class=\"alignnone size-medium wp-image-1770\" srcset=\"https:\/\/www.fumssar.com.br\/wp-content\/uploads\/2014\/05\/FAIXA-INAUGURA\u00c7\u00c3O-ACADEMIA-DA-SA\u00daDE-BAIRRO-TIMBAUVA-80X4-300x60.jpg 300w, https:\/\/www.fumssar.com.br\/wp-content\/uploads\/2014\/05\/FAIXA-INAUGURA\u00c7\u00c3O-ACADEMIA-DA-SA\u00daDE-BAIRRO-TIMBAUVA-80X4.jpg 448w\" sizes=\"(max-width: 300px) 100vw, 300px\" \/><\/a>A Funda\u00e7\u00e3o Municipal da Sa\u00fade entrega na pr\u00f3xima semana aos moradores do Bairro Timba\u00fava uma academia aberta da sa\u00fade, para a  realiza\u00e7\u00e3o de exerc\u00edcios f\u00edsicos. A inaugura\u00e7\u00e3o est\u00e1 prevista para a pr\u00f3xima  sexta-feira (30) \u00e0s 17 horas. A FUMSSAR pretende realizar no ato uma aula inaugural com a presen\u00e7a de orientador f\u00edsico bem como uma mateada e outras atra\u00e7\u00f5es envolvendo a comunidade. As academias que fora entregues em diversos locais do munic\u00edpio s\u00e3o muito utilizadas pela  comunidade independente de idade. Em muitas localidades existe a presen\u00e7a de um orientador em hor\u00e1rios agendados.<\/p>\n","protected":false},"excerpt":{"rendered":"<p>A Funda\u00e7\u00e3o Municipal da Sa\u00fade entrega na pr\u00f3xima semana aos moradores do Bairro Timba\u00fava uma&#8230;<\/p>\n","protected":false},"author":11,"featured_media":1765,"comment_status":"open","ping_status":"open","sticky":false,"template":"","format":"standard","meta":{"footnotes":""},"categories":[2],"tags":[],"_links":{"self":[{"href":"https:\/\/www.fumssar.com.br\/index.php?rest_route=\/wp\/v2\/posts\/1764"}],"collection":[{"href":"https:\/\/www.fumssar.com.br\/index.php?rest_route=\/wp\/v2\/posts"}],"about":[{"href":"https:\/\/www.fumssar.com.br\/index.php?rest_route=\/wp\/v2\/types\/post"}],"author":[{"embeddable":true,"href":"https:\/\/www.fumssar.com.br\/index.php?rest_route=\/wp\/v2\/users\/11"}],"replies":[{"embeddable":true,"href":"https:\/\/www.fumssar.com.br\/index.php?rest_route=%2Fwp%2Fv2%2Fcomments&post=1764"}],"version-history":[{"count":3,"href":"https:\/\/www.fumssar.com.br\/index.php?rest_route=\/wp\/v2\/posts\/1764\/revisions"}],"predecessor-version":[{"id":1772,"href":"https:\/\/www.fumssar.com.br\/index.php?rest_route=\/wp\/v2\/posts\/1764\/revisions\/1772"}],"wp:featuredmedia":[{"embeddable":true,"href":"https:\/\/www.fumssar.com.br\/index.php?rest_route=\/wp\/v2\/media\/1765"}],"wp:attachment":[{"href":"https:\/\/www.fumssar.com.br\/index.php?rest_route=%2Fwp%2Fv2%2Fmedia&parent=1764"}],"wp:term":[{"taxonomy":"category","embeddable":true,"href":"https:\/\/www.fumssar.com.br\/index.php?rest_route=%2Fwp%2Fv2%2Fcategories&post=1764"},{"taxonomy":"post_tag","embeddable":true,"href":"https:\/\/www.fumssar.com.br\/index.php?rest_route=%2Fwp%2Fv2%2Ftags&post=1764"}],"curies":[{"name":"wp","href":"https:\/\/api.w.org\/{rel}","templated":true}]}}