{"id":17620,"date":"2021-06-16T17:03:00","date_gmt":"2021-06-16T20:03:00","guid":{"rendered":"http:\/\/www.fumssar.com.br\/?p=17620"},"modified":"2024-10-07T16:34:12","modified_gmt":"2024-10-07T19:34:12","slug":"centro-de-referencia-em-saude-do-trabalhador-cerest","status":"publish","type":"post","link":"https:\/\/www.fumssar.com.br\/?p=17620","title":{"rendered":"Centro de Refer\u00eancia em Sa\u00fade do Trabalhador &#8211; CEREST"},"content":{"rendered":"\n<figure class=\"wp-block-image\"><img loading=\"lazy\" decoding=\"async\" width=\"1024\" height=\"472\" src=\"https:\/\/www.fumssar.com.br\/wp-content\/uploads\/2021\/06\/WhatsApp-Image-2021-06-16-at-14.21.12-1024x472.jpeg\" alt=\"\" class=\"wp-image-17621\" srcset=\"https:\/\/www.fumssar.com.br\/wp-content\/uploads\/2021\/06\/WhatsApp-Image-2021-06-16-at-14.21.12-1024x472.jpeg 1024w, https:\/\/www.fumssar.com.br\/wp-content\/uploads\/2021\/06\/WhatsApp-Image-2021-06-16-at-14.21.12-300x138.jpeg 300w, https:\/\/www.fumssar.com.br\/wp-content\/uploads\/2021\/06\/WhatsApp-Image-2021-06-16-at-14.21.12-768x354.jpeg 768w, https:\/\/www.fumssar.com.br\/wp-content\/uploads\/2021\/06\/WhatsApp-Image-2021-06-16-at-14.21.12.jpeg 1280w\" sizes=\"(max-width: 1024px) 100vw, 1024px\" \/><\/figure>\n\n\n\n<p>Entre os importantes servi\u00e7os realizados pela Funda\u00e7\u00e3o Municipal de Sa\u00fade est\u00e1 o atendimento do Centro de Refer\u00eancia em Sa\u00fade do Trabalhador (CEREST). A unidade de Santa Rosa \u00e9 regional (SUS). S\u00e3o atendidos profissionais formais dos setores privados e p\u00fablicos, aut\u00f4nomos e desempregados acometidos de doen\u00e7a relacionada ao trabalho. O encaminhamento acontece pela Rede B\u00e1sica de Sa\u00fade, atrav\u00e9s das UBS\u2019s.<br><br> O trabalhador recebe o atendimento de uma equipe multiprofissional que realiza um diagn\u00f3stico do estado de sa\u00fade. Constatada a rela\u00e7\u00e3o da doen\u00e7a com o trabalho, o usu\u00e1rio \u00e9 encaminhado a outros servi\u00e7os especializados da rede SUS. A coordenadora do CEREST, Fl\u00e1via Albuquerque, explica como o Centro funciona, \u201cO CEREST atua atrav\u00e9s de tr\u00eas n\u00facleos: assist\u00eancia, educa\u00e7\u00e3o e vigil\u00e2ncia, que s\u00e3o as miss\u00f5es essenciais da sa\u00fade do trabalhador no SUS, tendo como objetivo contribuir para a melhoria da qualidade de vida da popula\u00e7\u00e3o trabalhadora por meio de a\u00e7\u00f5es de preven\u00e7\u00e3o, reabilita\u00e7\u00e3o e planejamento de estrat\u00e9gias visando o fortalecimento do cuidado ao trabalhador\u201d. <br><br> O objetivo \u00e9 a preven\u00e7\u00e3o de acidentes, agravos e doen\u00e7as relacionadas ao trabalho, numa \u00e1rea de abrang\u00eancia que envolve 22 munic\u00edpios. Desde o in\u00edcio da pandemia, o CEREST tem atuado junto aos estabelecimentos dos diversos ramos produtivos do munic\u00edpio, visando qualificar e aproximar as a\u00e7\u00f5es de sa\u00fade do trabalhador no enfrentamento \u00e0 COVID-19. S\u00e3o realizadas fiscaliza\u00e7\u00f5es, atrav\u00e9s de visitas e acompanhamento semanalmente dos casos de s\u00edndromes gripais. Tamb\u00e9m s\u00e3o realizadas inspe\u00e7\u00f5es sanit\u00e1rias em sa\u00fade do trabalhador, atividades educativas, vigil\u00e2ncia durante todos os dias da semana, inclusive aos finais de semana e orienta\u00e7\u00f5es junto aos estabelecimentos industriais, comerciais e educacionais.<br><br> De janeiro a maio de 2021 o CEREST realizou 430 consultas por equipe multiprofissional e 128 exames auditivos. S\u00e3o realizadas tamb\u00e9m atividades educativas, inspe\u00e7\u00f5es sanit\u00e1rias em sa\u00fade do trabalhador, inspe\u00e7\u00f5es sanit\u00e1rias em escolas p\u00fablicas e privadas, entre outras. O CEREST fica localizado na Rua Boa Vista, 335, Centro &#8211; Santa Rosa e o atendimento \u00e9 de Segunda \u00e0 sexta-feira, das 7:30h \u00e0s 11:30h e das 13:30h \u00e0s 17:30h.<\/p>\n","protected":false},"excerpt":{"rendered":"<p>Entre os importantes servi\u00e7os realizados pela Funda\u00e7\u00e3o Municipal de Sa\u00fade est\u00e1 o atendimento do Centro&#8230;<\/p>\n","protected":false},"author":36,"featured_media":17621,"comment_status":"closed","ping_status":"closed","sticky":false,"template":"","format":"standard","meta":{"footnotes":""},"categories":[2],"tags":[],"_links":{"self":[{"href":"https:\/\/www.fumssar.com.br\/index.php?rest_route=\/wp\/v2\/posts\/17620"}],"collection":[{"href":"https:\/\/www.fumssar.com.br\/index.php?rest_route=\/wp\/v2\/posts"}],"about":[{"href":"https:\/\/www.fumssar.com.br\/index.php?rest_route=\/wp\/v2\/types\/post"}],"author":[{"embeddable":true,"href":"https:\/\/www.fumssar.com.br\/index.php?rest_route=\/wp\/v2\/users\/36"}],"replies":[{"embeddable":true,"href":"https:\/\/www.fumssar.com.br\/index.php?rest_route=%2Fwp%2Fv2%2Fcomments&post=17620"}],"version-history":[{"count":1,"href":"https:\/\/www.fumssar.com.br\/index.php?rest_route=\/wp\/v2\/posts\/17620\/revisions"}],"predecessor-version":[{"id":17622,"href":"https:\/\/www.fumssar.com.br\/index.php?rest_route=\/wp\/v2\/posts\/17620\/revisions\/17622"}],"wp:featuredmedia":[{"embeddable":true,"href":"https:\/\/www.fumssar.com.br\/index.php?rest_route=\/wp\/v2\/media\/17621"}],"wp:attachment":[{"href":"https:\/\/www.fumssar.com.br\/index.php?rest_route=%2Fwp%2Fv2%2Fmedia&parent=17620"}],"wp:term":[{"taxonomy":"category","embeddable":true,"href":"https:\/\/www.fumssar.com.br\/index.php?rest_route=%2Fwp%2Fv2%2Fcategories&post=17620"},{"taxonomy":"post_tag","embeddable":true,"href":"https:\/\/www.fumssar.com.br\/index.php?rest_route=%2Fwp%2Fv2%2Ftags&post=17620"}],"curies":[{"name":"wp","href":"https:\/\/api.w.org\/{rel}","templated":true}]}}