{"id":17598,"date":"2021-06-15T16:11:23","date_gmt":"2021-06-15T19:11:23","guid":{"rendered":"http:\/\/www.fumssar.com.br\/?p=17598"},"modified":"2024-10-07T16:34:12","modified_gmt":"2024-10-07T19:34:12","slug":"fumssar-realiza-capacitacao-em-seguranca-no-trabalho","status":"publish","type":"post","link":"https:\/\/www.fumssar.com.br\/?p=17598","title":{"rendered":"FUMSSAR realiza capacita\u00e7\u00e3o em Seguran\u00e7a no Trabalho"},"content":{"rendered":"\n<figure class=\"wp-block-image\"><img loading=\"lazy\" decoding=\"async\" width=\"1024\" height=\"768\" src=\"https:\/\/www.fumssar.com.br\/wp-content\/uploads\/2021\/06\/WhatsApp-Image-2021-06-14-at-12.49.10-1024x768.jpeg\" alt=\"\" class=\"wp-image-17599\" srcset=\"https:\/\/www.fumssar.com.br\/wp-content\/uploads\/2021\/06\/WhatsApp-Image-2021-06-14-at-12.49.10-1024x768.jpeg 1024w, https:\/\/www.fumssar.com.br\/wp-content\/uploads\/2021\/06\/WhatsApp-Image-2021-06-14-at-12.49.10-300x225.jpeg 300w, https:\/\/www.fumssar.com.br\/wp-content\/uploads\/2021\/06\/WhatsApp-Image-2021-06-14-at-12.49.10-768x576.jpeg 768w, https:\/\/www.fumssar.com.br\/wp-content\/uploads\/2021\/06\/WhatsApp-Image-2021-06-14-at-12.49.10.jpeg 1152w\" sizes=\"(max-width: 1024px) 100vw, 1024px\" \/><\/figure>\n\n\n\n<p>A Funda\u00e7\u00e3o Municipal de Sa\u00fade realizou uma capacita\u00e7\u00e3o para a Comiss\u00e3o Gestora Multidisciplinar do Plano de Preven\u00e7\u00e3o de Acidentes. A capacita\u00e7\u00e3o foi realizada em parceria com o Hospital Vida &amp; Sa\u00fade e foi ministrada pela L\u00edder de Seguran\u00e7a do Trabalho do hospital, Ana Eloisa Escher. O foco foi a implementa\u00e7\u00e3o de medidas de prote\u00e7\u00e3o e seguran\u00e7a para a sa\u00fade dos trabalhadores. <br>\nOs acidentes de trabalho com material biol\u00f3gico apresentam alta incid\u00eancia entre os profissionais de sa\u00fade. Diante disso, a Norma Regulamentadora estabelece a elabora\u00e7\u00e3o de plano de preven\u00e7\u00e3o de acidentes com materiais perfurocortantes. A comiss\u00e3o \u00e9 composta por servidores de diferentes cargos\/fun\u00e7\u00f5es que representam setores estrat\u00e9gicos da funda\u00e7\u00e3o, sendo no total 10 membros titulares e 10 suplentes. <br>\nO objetivo \u00e9 atrav\u00e9s da cria\u00e7\u00e3o do plano de preven\u00e7\u00e3o de acidentes, implementar a\u00e7\u00f5es pertinentes \u00e0s etapas de especifica\u00e7\u00e3o, ado\u00e7\u00e3o, manuseio, acondicionamento e descarte dos perfurocortantes em servi\u00e7os de sa\u00fade. Adotar o uso de materiais com dispositivos de seguran\u00e7a, realizar mudan\u00e7as na organiza\u00e7\u00e3o e nas pr\u00e1ticas de trabalho para eliminar ou minimizar o m\u00e1ximo poss\u00edvel as situa\u00e7\u00f5es de risco e acidentes de trabalho com probabilidade de exposi\u00e7\u00e3o a agentes biol\u00f3gicos.<br>\nPara o T\u00e9cnico em Seguran\u00e7a do Trabalho, Marcos da Silva, a comiss\u00e3o vem agregar no trabalho que j\u00e1 vinha sendo realizado, \u201cCom uma forma\u00e7\u00e3o multidisciplinar, que visa facilitar o entendimento dos processos de trabalho, aliado ao conhecimento t\u00e9cnico e profissional de cada membro, ser\u00e1 poss\u00edvel avan\u00e7ar ainda mais na preven\u00e7\u00e3o de acidentes e na melhoria da qualidade de vida no trabalho\u201d. A\u00e7\u00f5es de seguran\u00e7a e sa\u00fade dos trabalhadores vinham sendo realizadas tamb\u00e9m pela Seguran\u00e7a do Trabalho da FUMSSAR, agora com a Comiss\u00e3o Gestora Multidisciplinar, al\u00e9m do cumprimento de um requisito legal, ser\u00e1 poss\u00edvel a amplia\u00e7\u00e3o das atividades de preven\u00e7\u00e3o. Al\u00e9m disso, ser\u00e3o realizadas campanhas de conscientiza\u00e7\u00e3o para os trabalhadores em rela\u00e7\u00e3o a sa\u00fade e seguran\u00e7a.<\/p>\n","protected":false},"excerpt":{"rendered":"<p>A Funda\u00e7\u00e3o Municipal de Sa\u00fade realizou uma capacita\u00e7\u00e3o para a Comiss\u00e3o Gestora Multidisciplinar do Plano&#8230;<\/p>\n","protected":false},"author":36,"featured_media":17599,"comment_status":"closed","ping_status":"closed","sticky":false,"template":"","format":"standard","meta":{"footnotes":""},"categories":[2],"tags":[],"_links":{"self":[{"href":"https:\/\/www.fumssar.com.br\/index.php?rest_route=\/wp\/v2\/posts\/17598"}],"collection":[{"href":"https:\/\/www.fumssar.com.br\/index.php?rest_route=\/wp\/v2\/posts"}],"about":[{"href":"https:\/\/www.fumssar.com.br\/index.php?rest_route=\/wp\/v2\/types\/post"}],"author":[{"embeddable":true,"href":"https:\/\/www.fumssar.com.br\/index.php?rest_route=\/wp\/v2\/users\/36"}],"replies":[{"embeddable":true,"href":"https:\/\/www.fumssar.com.br\/index.php?rest_route=%2Fwp%2Fv2%2Fcomments&post=17598"}],"version-history":[{"count":1,"href":"https:\/\/www.fumssar.com.br\/index.php?rest_route=\/wp\/v2\/posts\/17598\/revisions"}],"predecessor-version":[{"id":17600,"href":"https:\/\/www.fumssar.com.br\/index.php?rest_route=\/wp\/v2\/posts\/17598\/revisions\/17600"}],"wp:featuredmedia":[{"embeddable":true,"href":"https:\/\/www.fumssar.com.br\/index.php?rest_route=\/wp\/v2\/media\/17599"}],"wp:attachment":[{"href":"https:\/\/www.fumssar.com.br\/index.php?rest_route=%2Fwp%2Fv2%2Fmedia&parent=17598"}],"wp:term":[{"taxonomy":"category","embeddable":true,"href":"https:\/\/www.fumssar.com.br\/index.php?rest_route=%2Fwp%2Fv2%2Fcategories&post=17598"},{"taxonomy":"post_tag","embeddable":true,"href":"https:\/\/www.fumssar.com.br\/index.php?rest_route=%2Fwp%2Fv2%2Ftags&post=17598"}],"curies":[{"name":"wp","href":"https:\/\/api.w.org\/{rel}","templated":true}]}}