{"id":17533,"date":"2021-06-10T08:13:30","date_gmt":"2021-06-10T11:13:30","guid":{"rendered":"http:\/\/www.fumssar.com.br\/?p=17533"},"modified":"2024-10-07T16:34:12","modified_gmt":"2024-10-07T19:34:12","slug":"santa-rosa-vacinou-1-3-da-populacao-contra-covid-19","status":"publish","type":"post","link":"https:\/\/www.fumssar.com.br\/?p=17533","title":{"rendered":"Santa Rosa vacinou 1\/3 da popula\u00e7\u00e3o contra COVID-19"},"content":{"rendered":"\n<figure class=\"wp-block-image\"><img loading=\"lazy\" decoding=\"async\" width=\"1024\" height=\"768\" src=\"https:\/\/www.fumssar.com.br\/wp-content\/uploads\/2021\/06\/WhatsApp-Image-2021-06-10-at-08.10.11-1-1024x768.jpeg\" alt=\"\" class=\"wp-image-17536\" srcset=\"https:\/\/www.fumssar.com.br\/wp-content\/uploads\/2021\/06\/WhatsApp-Image-2021-06-10-at-08.10.11-1-1024x768.jpeg 1024w, https:\/\/www.fumssar.com.br\/wp-content\/uploads\/2021\/06\/WhatsApp-Image-2021-06-10-at-08.10.11-1-300x225.jpeg 300w, https:\/\/www.fumssar.com.br\/wp-content\/uploads\/2021\/06\/WhatsApp-Image-2021-06-10-at-08.10.11-1-768x576.jpeg 768w, https:\/\/www.fumssar.com.br\/wp-content\/uploads\/2021\/06\/WhatsApp-Image-2021-06-10-at-08.10.11-1.jpeg 1040w\" sizes=\"(max-width: 1024px) 100vw, 1024px\" \/><\/figure>\n\n\n\n<p>Em janeiro de 2021 iniciou a vacina\u00e7\u00e3o contra a COVID-19 em Santa Rosa. Nesse per\u00edodo, a FUMSSAR \u2013 Funda\u00e7\u00e3o Municipal de Sa\u00fade de Santa Rosa j\u00e1 aplicou 34.203 doses. Do total, 24.478 foram de primeira dose, o que representa 1\/3 da popula\u00e7\u00e3o do munic\u00edpio e 9.728 de segunda dose. Os dados s\u00e3o do \u00faltimo informativo da campanha divulgada nesta quarta-feira. Os registros est\u00e3o de acordo com os dados fornecidos pelas Unidades B\u00e1sicas de Sa\u00fade.<br>\nA FUMSSAR se reestruturou com a pandemia da COVID-19. Foi necess\u00e1rio reformular a estrutura dos servi\u00e7os de sa\u00fade, fornecendo adequada prote\u00e7\u00e3o aos profissionais, al\u00e9m da mudan\u00e7a organizacional. Tamb\u00e9m foram criadas unidades espec\u00edficas para o atendimento das s\u00edndromes gripais: as Unidades Sentinelas. E um servi\u00e7o de monitoramento de casos suspeitos e confirmados, visando o gerenciamento de risco e acompanhamento integral dos usu\u00e1rios. <br>\nAs Unidades Sentinelas est\u00e3o em funcionamento desde maio de 2020, com equipe espec\u00edfica e apoio das equipes das UBS. Somente este ano, de janeiro at\u00e9 31 de maio foram realizadas 6.180 consultas m\u00e9dicas, 6.121 testes de Ant\u00edgeno, 912 testes RT-PCR e 4.306 testes Anticorpos. No total, foram 17.807 atendimentos, sem incluir as consultas de enfermagem. O munic\u00edpio tem 03 Unidades Sentinelas, no bairro Cruzeiro, Centro e na Vila Agr\u00edcola. Outro novo servi\u00e7o, foi a Equipe de Apoio e Monitoramento a Pandemia COVID-19. Este, conta com uma equipe multidisciplinar que acompanha os casos suspeitos e positivos remotamente, com orienta\u00e7\u00f5es, agendamento de testes, realiza\u00e7\u00e3o de encaminhamentos, al\u00e9m da alta do paciente. O presidente da FUMSSAR, D\u00e9lcio Stefan, destaca o empenho de todas equipes, \u201cAtrav\u00e9s deste servi\u00e7o de monitoramento, onde o usu\u00e1rio \u00e9 geralmente contatado a cada 48hs, conseguimos acompanhar o quadro do paciente e orientar de maneira correta como evitar que o v\u00edrus se espalhe. Nossas equipes est\u00e3o todas muito empenhadas\u201d.<br>\nA Funda\u00e7\u00e3o realiza ainda diversas a\u00e7\u00f5es de preven\u00e7\u00e3o contra a COVID-19. Divulga\u00e7\u00e3o de campanhas nas m\u00eddias, r\u00e1dios, sites e faixa na cidade que servem como alerta para a popula\u00e7\u00e3o se conscientizar e fazer uso das medidas de preven\u00e7\u00e3o. Outro importante servi\u00e7o \u00e9 o da Vigil\u00e2ncia e Fiscaliza\u00e7\u00e3o. Semanalmente s\u00e3o vistoriados, em m\u00e9dia, 60 estabelecimentos no munic\u00edpio. Estas vistorias s\u00e3o realizadas de acordo com os decretos estabelecidos pelos governos: municipal, estadual e federal. A Vigil\u00e2ncia realiza tamb\u00e9m o acompanhamento de pessoas em isolamento, seja por den\u00fancias ou visitas.<br>\nA Diretora da Gest\u00e3o da Aten\u00e7\u00e3o Prim\u00e1ria em Sa\u00fade, Fabiana Breitenbach fala como est\u00e1 sendo enfrentar este per\u00edodo de pandemia, \u201cH\u00e1 um esfor\u00e7o coletivo entre os profissionais da FUMSSAR, com objetivo de alcan\u00e7ar um melhor cuidado para as pessoas nesta \u00e9poca t\u00e3o dif\u00edcil que estamos vivendo\u201d. Informa\u00e7\u00f5es sobre a COVID-19, boletins di\u00e1rios, dicas de preven\u00e7\u00e3o e solu\u00e7\u00e3o de d\u00favidas podem ser encontrados no site da funda\u00e7\u00e3o: https:\/\/www.fumssar.com.br\/. Ao acessar o site, o usu\u00e1rio tem acesso a todos os dados e aos telefones de contato no enfrentamento a COVID-19 do munic\u00edpio, estado e do pa\u00eds.<\/p>\n","protected":false},"excerpt":{"rendered":"<p>Em janeiro de 2021 iniciou a vacina\u00e7\u00e3o contra a COVID-19 em Santa Rosa. Nesse per\u00edodo,&#8230;<\/p>\n","protected":false},"author":36,"featured_media":17536,"comment_status":"closed","ping_status":"closed","sticky":false,"template":"","format":"standard","meta":{"footnotes":""},"categories":[152,2],"tags":[],"_links":{"self":[{"href":"https:\/\/www.fumssar.com.br\/index.php?rest_route=\/wp\/v2\/posts\/17533"}],"collection":[{"href":"https:\/\/www.fumssar.com.br\/index.php?rest_route=\/wp\/v2\/posts"}],"about":[{"href":"https:\/\/www.fumssar.com.br\/index.php?rest_route=\/wp\/v2\/types\/post"}],"author":[{"embeddable":true,"href":"https:\/\/www.fumssar.com.br\/index.php?rest_route=\/wp\/v2\/users\/36"}],"replies":[{"embeddable":true,"href":"https:\/\/www.fumssar.com.br\/index.php?rest_route=%2Fwp%2Fv2%2Fcomments&post=17533"}],"version-history":[{"count":2,"href":"https:\/\/www.fumssar.com.br\/index.php?rest_route=\/wp\/v2\/posts\/17533\/revisions"}],"predecessor-version":[{"id":17537,"href":"https:\/\/www.fumssar.com.br\/index.php?rest_route=\/wp\/v2\/posts\/17533\/revisions\/17537"}],"wp:featuredmedia":[{"embeddable":true,"href":"https:\/\/www.fumssar.com.br\/index.php?rest_route=\/wp\/v2\/media\/17536"}],"wp:attachment":[{"href":"https:\/\/www.fumssar.com.br\/index.php?rest_route=%2Fwp%2Fv2%2Fmedia&parent=17533"}],"wp:term":[{"taxonomy":"category","embeddable":true,"href":"https:\/\/www.fumssar.com.br\/index.php?rest_route=%2Fwp%2Fv2%2Fcategories&post=17533"},{"taxonomy":"post_tag","embeddable":true,"href":"https:\/\/www.fumssar.com.br\/index.php?rest_route=%2Fwp%2Fv2%2Ftags&post=17533"}],"curies":[{"name":"wp","href":"https:\/\/api.w.org\/{rel}","templated":true}]}}