{"id":17513,"date":"2021-06-09T09:48:15","date_gmt":"2021-06-09T12:48:15","guid":{"rendered":"http:\/\/www.fumssar.com.br\/?p=17513"},"modified":"2024-10-07T16:34:12","modified_gmt":"2024-10-07T19:34:12","slug":"14a-conferencia-municipal-de-saude-de-santa-rosa-rs-suspencao-temporaria","status":"publish","type":"post","link":"https:\/\/www.fumssar.com.br\/?p=17513","title":{"rendered":"14\u00aa Confer\u00eancia Municipal de Sa\u00fade de Santa Rosa- RS  SUSPEN\u00c7\u00c3O TEMPOR\u00c1RIA"},"content":{"rendered":"\n<figure class=\"wp-block-image\"><img loading=\"lazy\" decoding=\"async\" width=\"1024\" height=\"1024\" src=\"https:\/\/www.fumssar.com.br\/wp-content\/uploads\/2021\/06\/Green-Business-Conference-Instagram-Post-1024x1024.png\" alt=\"\" class=\"wp-image-17517\" srcset=\"https:\/\/www.fumssar.com.br\/wp-content\/uploads\/2021\/06\/Green-Business-Conference-Instagram-Post-1024x1024.png 1024w, https:\/\/www.fumssar.com.br\/wp-content\/uploads\/2021\/06\/Green-Business-Conference-Instagram-Post-150x150.png 150w, https:\/\/www.fumssar.com.br\/wp-content\/uploads\/2021\/06\/Green-Business-Conference-Instagram-Post-300x300.png 300w, https:\/\/www.fumssar.com.br\/wp-content\/uploads\/2021\/06\/Green-Business-Conference-Instagram-Post-768x768.png 768w, https:\/\/www.fumssar.com.br\/wp-content\/uploads\/2021\/06\/Green-Business-Conference-Instagram-Post.png 1080w\" sizes=\"(max-width: 1024px) 100vw, 1024px\" \/><\/figure>\n\n\n\n<p>O Conselho Municipal de Sa\u00fade de Santa Rosa, atrav\u00e9s da Comiss\u00e3o Organizadora da 14\u00aa Confer\u00eancia Municipal de Sa\u00fade, informa a suspens\u00e3o tempor\u00e1ria da mesma. A atividade estava programada para os dias 18 e 19 de junho, incluindo as pr\u00e9-confer\u00eancias que estavam agendadas para os dias 07, 08 e 09 de junho. <br>\nA suspens\u00e3o ocorreu em fun\u00e7\u00e3o do contexto epidemiol\u00f3gico de agravamento da pandemia da COVID 19. A Comiss\u00e3o Organizadora da 14\u00aa Confer\u00eancia Municipal de Sa\u00fade de Santa Rosa- RS com compromisso de primar pela vida e a sa\u00fade da popula\u00e7\u00e3o, acolhe as orienta\u00e7\u00f5es do Comit\u00ea T\u00e9cnico Regional de Enfrentamento ao COVID-19 da Fronteira Noroeste e do Comit\u00ea Municipal que sugere a suspens\u00e3o de eventos.<br>\nA Comiss\u00e3o Organizadora mant\u00e9m o compromisso de seguir trabalhando para viabilizar a 14\u00aa Confer\u00eancia Municipal de Sa\u00fade, assim que o contexto for favor\u00e1vel.<\/p>\n","protected":false},"excerpt":{"rendered":"<p>O Conselho Municipal de Sa\u00fade de Santa Rosa, atrav\u00e9s da Comiss\u00e3o Organizadora da 14\u00aa Confer\u00eancia&#8230;<\/p>\n","protected":false},"author":36,"featured_media":17517,"comment_status":"closed","ping_status":"closed","sticky":false,"template":"","format":"standard","meta":{"footnotes":""},"categories":[2],"tags":[],"_links":{"self":[{"href":"https:\/\/www.fumssar.com.br\/index.php?rest_route=\/wp\/v2\/posts\/17513"}],"collection":[{"href":"https:\/\/www.fumssar.com.br\/index.php?rest_route=\/wp\/v2\/posts"}],"about":[{"href":"https:\/\/www.fumssar.com.br\/index.php?rest_route=\/wp\/v2\/types\/post"}],"author":[{"embeddable":true,"href":"https:\/\/www.fumssar.com.br\/index.php?rest_route=\/wp\/v2\/users\/36"}],"replies":[{"embeddable":true,"href":"https:\/\/www.fumssar.com.br\/index.php?rest_route=%2Fwp%2Fv2%2Fcomments&post=17513"}],"version-history":[{"count":3,"href":"https:\/\/www.fumssar.com.br\/index.php?rest_route=\/wp\/v2\/posts\/17513\/revisions"}],"predecessor-version":[{"id":17518,"href":"https:\/\/www.fumssar.com.br\/index.php?rest_route=\/wp\/v2\/posts\/17513\/revisions\/17518"}],"wp:featuredmedia":[{"embeddable":true,"href":"https:\/\/www.fumssar.com.br\/index.php?rest_route=\/wp\/v2\/media\/17517"}],"wp:attachment":[{"href":"https:\/\/www.fumssar.com.br\/index.php?rest_route=%2Fwp%2Fv2%2Fmedia&parent=17513"}],"wp:term":[{"taxonomy":"category","embeddable":true,"href":"https:\/\/www.fumssar.com.br\/index.php?rest_route=%2Fwp%2Fv2%2Fcategories&post=17513"},{"taxonomy":"post_tag","embeddable":true,"href":"https:\/\/www.fumssar.com.br\/index.php?rest_route=%2Fwp%2Fv2%2Ftags&post=17513"}],"curies":[{"name":"wp","href":"https:\/\/api.w.org\/{rel}","templated":true}]}}