{"id":1750,"date":"2014-05-22T20:16:51","date_gmt":"2014-05-22T20:16:51","guid":{"rendered":"http:\/\/www.fumssar.com.br\/?p=1750"},"modified":"2024-10-07T16:36:19","modified_gmt":"2024-10-07T19:36:19","slug":"assinados-os-contratos-com-as-empresas-para-a-reforma-de-unidades-de-saude","status":"publish","type":"post","link":"https:\/\/www.fumssar.com.br\/?p=1750","title":{"rendered":"Assinados os contratos com as empresas para a reforma de Unidades de Sa\u00fade"},"content":{"rendered":"<p><a href=\"http:\/\/www.fumssar.com.br\/wp-content\/uploads\/2014\/05\/pereira.jpg\"><img loading=\"lazy\" decoding=\"async\" src=\"http:\/\/www.fumssar.com.br\/wp-content\/uploads\/2014\/05\/pereira-300x225.jpg\" alt=\"pereira\" width=\"300\" height=\"225\" class=\"alignnone size-medium wp-image-1753\" srcset=\"https:\/\/www.fumssar.com.br\/wp-content\/uploads\/2014\/05\/pereira-300x225.jpg 300w, https:\/\/www.fumssar.com.br\/wp-content\/uploads\/2014\/05\/pereira.jpg 640w\" sizes=\"(max-width: 300px) 100vw, 300px\" \/><\/a><a href=\"http:\/\/www.fumssar.com.br\/wp-content\/uploads\/2014\/05\/contrato-2.jpg\"><img loading=\"lazy\" decoding=\"async\" src=\"http:\/\/www.fumssar.com.br\/wp-content\/uploads\/2014\/05\/contrato-2-300x225.jpg\" alt=\"contrato 2\" width=\"300\" height=\"225\" class=\"alignnone size-medium wp-image-1752\" srcset=\"https:\/\/www.fumssar.com.br\/wp-content\/uploads\/2014\/05\/contrato-2-300x225.jpg 300w, https:\/\/www.fumssar.com.br\/wp-content\/uploads\/2014\/05\/contrato-2.jpg 640w\" sizes=\"(max-width: 300px) 100vw, 300px\" \/><\/a>Assinados na tarde de quarta-feira (21), os contratos com as empresas que ir\u00e3o  executar as reformas  das tr\u00eas unidades  da rede B\u00e1sica de Sa\u00fade do Munic\u00edpio. Ser\u00e3o reformadas as unidades do Centro que ser\u00e1 executada pela  construtora Horizonte, Planalto  a empresa JDZ Constru\u00e7\u00f5es e a construtora Souza executar\u00e1 a reforma da Unidade da vila Pereira. Os investimentos nas tr\u00eas obras chegam \u00e9 de aproximadamente R$ 1 milh\u00e3o. As obras devem ter in\u00edcio nos primeiros dias de junho e a previs\u00e3o de t\u00e9rmino \u00e9 de 5 meses. Durante o per\u00edodo de reformas as unidades ir\u00e3o ser transferidas para outros im\u00f3veis que a FUMSSAR ir\u00e1 locar. O Presidente da FUMSSAR, Dr. Lu\u00eds Ant\u00f4nio Benvegn\u00fa  destaca que as obras s\u00e3o necess\u00e1rias uma vez que estas tr\u00eas unidades j\u00e1 est\u00e3o h\u00e1 bastante tempo se receber reparos, ele disse ainda que duas unidades ter\u00e3o suas estruturas ampliadas. \u201cDepois de prontas as reformas estas unidades ir\u00e3o disponibilizar uma melhor estrutura para acolher seus usu\u00e1rios\u201d frisou Benvegn\u00fa. A Solenidade de assinatura foi realizada no Gabinete do Prefeito Vicini e contou com a presen\u00e7a do Presidente da FUMSSAR,Secret\u00e1rio de Planejamento Carlos Nasi dos Diretores das empresas executoras, engenheiros da Prefeitura  que ir\u00e3o fiscalizar a execu\u00e7\u00e3o das obras dos Diretores Aldair Melchior da FUMSSAR e Cl\u00e1udia Bachinski do Planejamento e do Presidente do PSB Dr.Cl\u00e1udio Souto.<\/p>\n","protected":false},"excerpt":{"rendered":"<p>Assinados na tarde de quarta-feira (21), os contratos com as empresas que ir\u00e3o executar as&#8230;<\/p>\n","protected":false},"author":11,"featured_media":1751,"comment_status":"open","ping_status":"open","sticky":false,"template":"","format":"standard","meta":{"footnotes":""},"categories":[2],"tags":[],"_links":{"self":[{"href":"https:\/\/www.fumssar.com.br\/index.php?rest_route=\/wp\/v2\/posts\/1750"}],"collection":[{"href":"https:\/\/www.fumssar.com.br\/index.php?rest_route=\/wp\/v2\/posts"}],"about":[{"href":"https:\/\/www.fumssar.com.br\/index.php?rest_route=\/wp\/v2\/types\/post"}],"author":[{"embeddable":true,"href":"https:\/\/www.fumssar.com.br\/index.php?rest_route=\/wp\/v2\/users\/11"}],"replies":[{"embeddable":true,"href":"https:\/\/www.fumssar.com.br\/index.php?rest_route=%2Fwp%2Fv2%2Fcomments&post=1750"}],"version-history":[{"count":2,"href":"https:\/\/www.fumssar.com.br\/index.php?rest_route=\/wp\/v2\/posts\/1750\/revisions"}],"predecessor-version":[{"id":1757,"href":"https:\/\/www.fumssar.com.br\/index.php?rest_route=\/wp\/v2\/posts\/1750\/revisions\/1757"}],"wp:featuredmedia":[{"embeddable":true,"href":"https:\/\/www.fumssar.com.br\/index.php?rest_route=\/wp\/v2\/media\/1751"}],"wp:attachment":[{"href":"https:\/\/www.fumssar.com.br\/index.php?rest_route=%2Fwp%2Fv2%2Fmedia&parent=1750"}],"wp:term":[{"taxonomy":"category","embeddable":true,"href":"https:\/\/www.fumssar.com.br\/index.php?rest_route=%2Fwp%2Fv2%2Fcategories&post=1750"},{"taxonomy":"post_tag","embeddable":true,"href":"https:\/\/www.fumssar.com.br\/index.php?rest_route=%2Fwp%2Fv2%2Ftags&post=1750"}],"curies":[{"name":"wp","href":"https:\/\/api.w.org\/{rel}","templated":true}]}}