{"id":17473,"date":"2021-06-07T10:50:48","date_gmt":"2021-06-07T13:50:48","guid":{"rendered":"http:\/\/www.fumssar.com.br\/?p=17473"},"modified":"2024-10-07T16:34:13","modified_gmt":"2024-10-07T19:34:13","slug":"novas-faixas-etarias-vacinacao-covid-19","status":"publish","type":"post","link":"https:\/\/www.fumssar.com.br\/?p=17473","title":{"rendered":"Novas Faixas Et\u00e1rias Vacina\u00e7\u00e3o COVID-19"},"content":{"rendered":"\n<figure class=\"wp-block-image\"><img loading=\"lazy\" decoding=\"async\" width=\"576\" height=\"1024\" src=\"https:\/\/www.fumssar.com.br\/wp-content\/uploads\/2021\/06\/C\u00f3pia-de-C\u00f3pia-de-Verde-Amarelo-Limpo-e-Corporativo-Sa\u00fade-e-Seguran\u00e7a-no-Trabalho-Orienta\u00e7\u00e3o-de-Sa\u00fade-Post-para-M\u00eddia-Social-576x1024.png\" alt=\"\" class=\"wp-image-17474\" srcset=\"https:\/\/www.fumssar.com.br\/wp-content\/uploads\/2021\/06\/C\u00f3pia-de-C\u00f3pia-de-Verde-Amarelo-Limpo-e-Corporativo-Sa\u00fade-e-Seguran\u00e7a-no-Trabalho-Orienta\u00e7\u00e3o-de-Sa\u00fade-Post-para-M\u00eddia-Social-576x1024.png 576w, https:\/\/www.fumssar.com.br\/wp-content\/uploads\/2021\/06\/C\u00f3pia-de-C\u00f3pia-de-Verde-Amarelo-Limpo-e-Corporativo-Sa\u00fade-e-Seguran\u00e7a-no-Trabalho-Orienta\u00e7\u00e3o-de-Sa\u00fade-Post-para-M\u00eddia-Social-169x300.png 169w, https:\/\/www.fumssar.com.br\/wp-content\/uploads\/2021\/06\/C\u00f3pia-de-C\u00f3pia-de-Verde-Amarelo-Limpo-e-Corporativo-Sa\u00fade-e-Seguran\u00e7a-no-Trabalho-Orienta\u00e7\u00e3o-de-Sa\u00fade-Post-para-M\u00eddia-Social-768x1365.png 768w, https:\/\/www.fumssar.com.br\/wp-content\/uploads\/2021\/06\/C\u00f3pia-de-C\u00f3pia-de-Verde-Amarelo-Limpo-e-Corporativo-Sa\u00fade-e-Seguran\u00e7a-no-Trabalho-Orienta\u00e7\u00e3o-de-Sa\u00fade-Post-para-M\u00eddia-Social-1024x1820.png 1024w, https:\/\/www.fumssar.com.br\/wp-content\/uploads\/2021\/06\/C\u00f3pia-de-C\u00f3pia-de-Verde-Amarelo-Limpo-e-Corporativo-Sa\u00fade-e-Seguran\u00e7a-no-Trabalho-Orienta\u00e7\u00e3o-de-Sa\u00fade-Post-para-M\u00eddia-Social.png 1080w\" sizes=\"(max-width: 576px) 100vw, 576px\" \/><figcaption>A partir das 13h30 de segunda-feira em toda as Unidades B\u00e1sicas de Sa\u00fade<\/figcaption><\/figure>\n","protected":false},"excerpt":{"rendered":"","protected":false},"author":36,"featured_media":17474,"comment_status":"closed","ping_status":"closed","sticky":false,"template":"","format":"standard","meta":{"footnotes":""},"categories":[152,2],"tags":[],"_links":{"self":[{"href":"https:\/\/www.fumssar.com.br\/index.php?rest_route=\/wp\/v2\/posts\/17473"}],"collection":[{"href":"https:\/\/www.fumssar.com.br\/index.php?rest_route=\/wp\/v2\/posts"}],"about":[{"href":"https:\/\/www.fumssar.com.br\/index.php?rest_route=\/wp\/v2\/types\/post"}],"author":[{"embeddable":true,"href":"https:\/\/www.fumssar.com.br\/index.php?rest_route=\/wp\/v2\/users\/36"}],"replies":[{"embeddable":true,"href":"https:\/\/www.fumssar.com.br\/index.php?rest_route=%2Fwp%2Fv2%2Fcomments&post=17473"}],"version-history":[{"count":1,"href":"https:\/\/www.fumssar.com.br\/index.php?rest_route=\/wp\/v2\/posts\/17473\/revisions"}],"predecessor-version":[{"id":17475,"href":"https:\/\/www.fumssar.com.br\/index.php?rest_route=\/wp\/v2\/posts\/17473\/revisions\/17475"}],"wp:featuredmedia":[{"embeddable":true,"href":"https:\/\/www.fumssar.com.br\/index.php?rest_route=\/wp\/v2\/media\/17474"}],"wp:attachment":[{"href":"https:\/\/www.fumssar.com.br\/index.php?rest_route=%2Fwp%2Fv2%2Fmedia&parent=17473"}],"wp:term":[{"taxonomy":"category","embeddable":true,"href":"https:\/\/www.fumssar.com.br\/index.php?rest_route=%2Fwp%2Fv2%2Fcategories&post=17473"},{"taxonomy":"post_tag","embeddable":true,"href":"https:\/\/www.fumssar.com.br\/index.php?rest_route=%2Fwp%2Fv2%2Ftags&post=17473"}],"curies":[{"name":"wp","href":"https:\/\/api.w.org\/{rel}","templated":true}]}}