{"id":17463,"date":"2021-06-04T17:38:52","date_gmt":"2021-06-04T20:38:52","guid":{"rendered":"http:\/\/www.fumssar.com.br\/?p=17463"},"modified":"2024-10-07T16:34:13","modified_gmt":"2024-10-07T19:34:13","slug":"fumssar-amplia-a-vacinacao-da-covid-19-por-faixa-etaria","status":"publish","type":"post","link":"https:\/\/www.fumssar.com.br\/?p=17463","title":{"rendered":"FUMSSAR amplia a vacina\u00e7\u00e3o da COVID-19 por faixa et\u00e1ria"},"content":{"rendered":"\n<figure class=\"wp-block-image\"><img loading=\"lazy\" decoding=\"async\" width=\"1024\" height=\"768\" src=\"https:\/\/www.fumssar.com.br\/wp-content\/uploads\/2021\/06\/P_20210520_075019-1024x768.jpg\" alt=\"\" class=\"wp-image-17464\" srcset=\"https:\/\/www.fumssar.com.br\/wp-content\/uploads\/2021\/06\/P_20210520_075019-1024x768.jpg 1024w, https:\/\/www.fumssar.com.br\/wp-content\/uploads\/2021\/06\/P_20210520_075019-300x225.jpg 300w, https:\/\/www.fumssar.com.br\/wp-content\/uploads\/2021\/06\/P_20210520_075019-768x576.jpg 768w\" sizes=\"(max-width: 1024px) 100vw, 1024px\" \/><\/figure>\n\n\n\n<p>A Funda\u00e7\u00e3o Municipal de Sa\u00fade de Santa Rosa informa que a partir de segunda-feira (07), \u00e0s 13h30, ser\u00e1 ampliada a vacina\u00e7\u00e3o contra a COVID-19 para as faixas et\u00e1rias de 59, 58 e 57 anos.<\/p>\n\n\n\n<p>Al\u00e9m destes grupos, ser\u00e3o contempladas neste momento as seguintes categorias profissionais: Veterin\u00e1rios, Biom\u00e9dicos, Educadores F\u00edsicos, Nutricionistas e Transportadores de Gases Medicinais (O2). Todos precisam apresentar comprovante atual de que exercem atividade profissional nestas categorias.<\/p>\n\n\n\n<p>As pessoas devem procurar a Unidade B\u00e1sica de Sa\u00fade a qual pertencem para fazer a vacina. O atendimento ser\u00e1 mediante agendamento pr\u00e9vio por telefone ou presencial. Este agendamento pode ser feito a partir do dia 04\/06. Todos que forem se vacinar precisam levar documento com foto e se poss\u00edvel caderneta de vacina\u00e7\u00e3o. <\/p>\n\n\n\n<p>Tamb\u00e9m ser\u00e3o vacinados caminhoneiros, motoristas profissionais e cobradores do transporte coletivo.<\/p>\n\n\n\n<p>D\u00favidas e Informa\u00e7\u00f5es: vacinacovid@fumssar.com.br<br><br>Importante: Pessoas que se vacinaram contra a Influenza (GRIPE) precisam aguardar o prazo de 14 dias para poder receber a vacina contra a COVID-19<\/p>\n","protected":false},"excerpt":{"rendered":"<p>A Funda\u00e7\u00e3o Municipal de Sa\u00fade de Santa Rosa informa que a partir de segunda-feira (07),&#8230;<\/p>\n","protected":false},"author":36,"featured_media":17464,"comment_status":"closed","ping_status":"closed","sticky":false,"template":"","format":"standard","meta":{"footnotes":""},"categories":[152,2],"tags":[],"_links":{"self":[{"href":"https:\/\/www.fumssar.com.br\/index.php?rest_route=\/wp\/v2\/posts\/17463"}],"collection":[{"href":"https:\/\/www.fumssar.com.br\/index.php?rest_route=\/wp\/v2\/posts"}],"about":[{"href":"https:\/\/www.fumssar.com.br\/index.php?rest_route=\/wp\/v2\/types\/post"}],"author":[{"embeddable":true,"href":"https:\/\/www.fumssar.com.br\/index.php?rest_route=\/wp\/v2\/users\/36"}],"replies":[{"embeddable":true,"href":"https:\/\/www.fumssar.com.br\/index.php?rest_route=%2Fwp%2Fv2%2Fcomments&post=17463"}],"version-history":[{"count":1,"href":"https:\/\/www.fumssar.com.br\/index.php?rest_route=\/wp\/v2\/posts\/17463\/revisions"}],"predecessor-version":[{"id":17465,"href":"https:\/\/www.fumssar.com.br\/index.php?rest_route=\/wp\/v2\/posts\/17463\/revisions\/17465"}],"wp:featuredmedia":[{"embeddable":true,"href":"https:\/\/www.fumssar.com.br\/index.php?rest_route=\/wp\/v2\/media\/17464"}],"wp:attachment":[{"href":"https:\/\/www.fumssar.com.br\/index.php?rest_route=%2Fwp%2Fv2%2Fmedia&parent=17463"}],"wp:term":[{"taxonomy":"category","embeddable":true,"href":"https:\/\/www.fumssar.com.br\/index.php?rest_route=%2Fwp%2Fv2%2Fcategories&post=17463"},{"taxonomy":"post_tag","embeddable":true,"href":"https:\/\/www.fumssar.com.br\/index.php?rest_route=%2Fwp%2Fv2%2Ftags&post=17463"}],"curies":[{"name":"wp","href":"https:\/\/api.w.org\/{rel}","templated":true}]}}