{"id":1741,"date":"2014-05-22T12:06:49","date_gmt":"2014-05-22T12:06:49","guid":{"rendered":"http:\/\/www.fumssar.com.br\/?p=1741"},"modified":"2024-10-07T16:36:19","modified_gmt":"2024-10-07T19:36:19","slug":"medicos-estrangeiros-comecam-atender-a-populacao-de-santa-rosa","status":"publish","type":"post","link":"https:\/\/www.fumssar.com.br\/?p=1741","title":{"rendered":"M\u00e9dicos estrangeiros come\u00e7am atender a popula\u00e7\u00e3o de Santa Rosa"},"content":{"rendered":"<p><a href=\"http:\/\/www.fumssar.com.br\/wp-content\/uploads\/2014\/05\/estrangeiros-31.jpg\"><img loading=\"lazy\" decoding=\"async\" src=\"http:\/\/www.fumssar.com.br\/wp-content\/uploads\/2014\/05\/estrangeiros-31-300x224.jpg\" alt=\"estrangeiros 3\" width=\"300\" height=\"224\" class=\"alignnone size-medium wp-image-1748\" srcset=\"https:\/\/www.fumssar.com.br\/wp-content\/uploads\/2014\/05\/estrangeiros-31-300x224.jpg 300w, https:\/\/www.fumssar.com.br\/wp-content\/uploads\/2014\/05\/estrangeiros-31.jpg 448w\" sizes=\"(max-width: 300px) 100vw, 300px\" \/><\/a><a href=\"http:\/\/www.fumssar.com.br\/wp-content\/uploads\/2014\/05\/estrangeiros-3.jpg\"><img loading=\"lazy\" decoding=\"async\" src=\"http:\/\/www.fumssar.com.br\/wp-content\/uploads\/2014\/05\/estrangeiros-3-300x224.jpg\" alt=\"estrangeiros 3\" width=\"300\" height=\"224\" class=\"alignnone size-medium wp-image-1745\" srcset=\"https:\/\/www.fumssar.com.br\/wp-content\/uploads\/2014\/05\/estrangeiros-3-300x224.jpg 300w, https:\/\/www.fumssar.com.br\/wp-content\/uploads\/2014\/05\/estrangeiros-3.jpg 448w\" sizes=\"(max-width: 300px) 100vw, 300px\" \/><\/a>Os quatro m\u00e9dicos estrangeiros que foram destinados para o sistema P\u00fablico de Sa\u00fade de Santa Rosa j\u00e1 est\u00e3o atendendo nas unidades de sa\u00fade para que foram destinados. Na \u00faltima sexta-feira (16) os profissionais receberam a \u201cDeclara\u00e7\u00e3o de Registro \u00danico de M\u00e9dico Inter cambista no Projeto Mais M\u00e9dicos para o Brasil\u201d, que \u00e9 fornecida pela Secretaria de Gest\u00e3o do Trabalho e da Educa\u00e7\u00e3o na Sa\u00fade do Minist\u00e9rio da Sa\u00fade. Na unidade da Vila Balne\u00e1ria est\u00e1 o Dr.Walter Oswaldo Romero, Argentino, na Vila J\u00falio de Oliveira est\u00e1 a Dr\u00aa Geysi Caballeros Ruiz Cubana, na Jardim Petr\u00f3polis est\u00e1 o Dr. Yoel Aguiar de Lima, Cubano que tamb\u00e9m atender\u00e1 no Posto Avan\u00e7ado de Guia Lopes e No distrito de Sete de Setembro est\u00e1 o Dr.S\u00e9rgio Ernesto Roman, Argentino. O contrato firmado entre o Minist\u00e9rio e os profissionais prev\u00ea o exerc\u00edcio de 40 horas de trabalho semanais, sendo que 32 de atendimento e 8 horas de estudos. A FUMSSAR fez um trabalho de apresenta\u00e7\u00e3o dos profissionais \u00e0s comunidades e eles permaneceram o per\u00edodo desde sua chegada \u00e0 Santa Rosa nas unidades tendo conhecimento do funcionamento do sistema de sa\u00fade do munic\u00edpio. Para o Presidente da Funda\u00e7\u00e3o Municipal da Sa\u00fade Dr. Lu\u00eds Ant\u00f4nio Benvegn\u00fa a vinda dos M\u00e9dicos ir\u00e1 contribuir muito com o trabalho desenvolvido na rede b\u00e1sica uma vez que os quatro possuem forma\u00e7\u00e3o para este trabalho. Benvegn\u00fa destacou ainda que a FUMSSAR atingiu a meta estabelecida pela atual administra\u00e7\u00e3o que era de um m\u00e9dico em cada unidade b\u00e1sica.<\/p>\n","protected":false},"excerpt":{"rendered":"<p>Os quatro m\u00e9dicos estrangeiros que foram destinados para o sistema P\u00fablico de Sa\u00fade de Santa&#8230;<\/p>\n","protected":false},"author":11,"featured_media":1759,"comment_status":"open","ping_status":"open","sticky":false,"template":"","format":"standard","meta":{"footnotes":""},"categories":[2],"tags":[],"_links":{"self":[{"href":"https:\/\/www.fumssar.com.br\/index.php?rest_route=\/wp\/v2\/posts\/1741"}],"collection":[{"href":"https:\/\/www.fumssar.com.br\/index.php?rest_route=\/wp\/v2\/posts"}],"about":[{"href":"https:\/\/www.fumssar.com.br\/index.php?rest_route=\/wp\/v2\/types\/post"}],"author":[{"embeddable":true,"href":"https:\/\/www.fumssar.com.br\/index.php?rest_route=\/wp\/v2\/users\/11"}],"replies":[{"embeddable":true,"href":"https:\/\/www.fumssar.com.br\/index.php?rest_route=%2Fwp%2Fv2%2Fcomments&post=1741"}],"version-history":[{"count":4,"href":"https:\/\/www.fumssar.com.br\/index.php?rest_route=\/wp\/v2\/posts\/1741\/revisions"}],"predecessor-version":[{"id":1758,"href":"https:\/\/www.fumssar.com.br\/index.php?rest_route=\/wp\/v2\/posts\/1741\/revisions\/1758"}],"wp:featuredmedia":[{"embeddable":true,"href":"https:\/\/www.fumssar.com.br\/index.php?rest_route=\/wp\/v2\/media\/1759"}],"wp:attachment":[{"href":"https:\/\/www.fumssar.com.br\/index.php?rest_route=%2Fwp%2Fv2%2Fmedia&parent=1741"}],"wp:term":[{"taxonomy":"category","embeddable":true,"href":"https:\/\/www.fumssar.com.br\/index.php?rest_route=%2Fwp%2Fv2%2Fcategories&post=1741"},{"taxonomy":"post_tag","embeddable":true,"href":"https:\/\/www.fumssar.com.br\/index.php?rest_route=%2Fwp%2Fv2%2Ftags&post=1741"}],"curies":[{"name":"wp","href":"https:\/\/api.w.org\/{rel}","templated":true}]}}