{"id":1735,"date":"2014-05-21T17:43:54","date_gmt":"2014-05-21T17:43:54","guid":{"rendered":"http:\/\/www.fumssar.com.br\/?p=1735"},"modified":"2024-10-07T16:36:19","modified_gmt":"2024-10-07T19:36:19","slug":"benvegnu-determina-prioridade-para-gestantes-nas-ecografias","status":"publish","type":"post","link":"https:\/\/www.fumssar.com.br\/?p=1735","title":{"rendered":"Benvegn\u00fa determina prioridade para gestantes nas ecografias"},"content":{"rendered":"<p>\tO Presidente da Funda\u00e7\u00e3o Municipal de Sa\u00fade \u2013 FUMSSAR, Dr. Luis Ant\u00f4nio Benvegn\u00fa determinou nesta quarta-feira que sejam priorizados os exames de ecografias para gestantes. A medida foi tomada tendo em vista a falta destes servi\u00e7os em Santa Rosa e o aumento da demanda na rede b\u00e1sica de sa\u00fade. Benvegn\u00fa disse que hoje o sistema de sa\u00fade atingiu a meta estabelecida pela atual administra\u00e7\u00e3o que \u00e9 de um m\u00e9dico em cada posto, isto s\u00e3o mais m\u00e9dicos atendendo e consequentemente s\u00e3o mais exames solicitados com isto a demanda aumenta. \u201cNossa demanda aumentou muito e a fila de espera j\u00e1 vem de tempo, necessitamos de mais prestadores de servi\u00e7o nesta \u00e1rea\u201d. Ressaltou o presidente. Ele destacou ainda que a Diretora da FUMSSAR, est\u00e1  buscando alternativas para solucionar o problema, mas que no momento as gestantes sejam as prioridades no servi\u00e7o de ecografia<\/p>\n","protected":false},"excerpt":{"rendered":"<p>O Presidente da Funda\u00e7\u00e3o Municipal de Sa\u00fade \u2013 FUMSSAR, Dr. Luis Ant\u00f4nio Benvegn\u00fa determinou nesta&#8230;<\/p>\n","protected":false},"author":11,"featured_media":1737,"comment_status":"open","ping_status":"open","sticky":false,"template":"","format":"standard","meta":{"footnotes":""},"categories":[2],"tags":[],"_links":{"self":[{"href":"https:\/\/www.fumssar.com.br\/index.php?rest_route=\/wp\/v2\/posts\/1735"}],"collection":[{"href":"https:\/\/www.fumssar.com.br\/index.php?rest_route=\/wp\/v2\/posts"}],"about":[{"href":"https:\/\/www.fumssar.com.br\/index.php?rest_route=\/wp\/v2\/types\/post"}],"author":[{"embeddable":true,"href":"https:\/\/www.fumssar.com.br\/index.php?rest_route=\/wp\/v2\/users\/11"}],"replies":[{"embeddable":true,"href":"https:\/\/www.fumssar.com.br\/index.php?rest_route=%2Fwp%2Fv2%2Fcomments&post=1735"}],"version-history":[{"count":1,"href":"https:\/\/www.fumssar.com.br\/index.php?rest_route=\/wp\/v2\/posts\/1735\/revisions"}],"predecessor-version":[{"id":1738,"href":"https:\/\/www.fumssar.com.br\/index.php?rest_route=\/wp\/v2\/posts\/1735\/revisions\/1738"}],"wp:featuredmedia":[{"embeddable":true,"href":"https:\/\/www.fumssar.com.br\/index.php?rest_route=\/wp\/v2\/media\/1737"}],"wp:attachment":[{"href":"https:\/\/www.fumssar.com.br\/index.php?rest_route=%2Fwp%2Fv2%2Fmedia&parent=1735"}],"wp:term":[{"taxonomy":"category","embeddable":true,"href":"https:\/\/www.fumssar.com.br\/index.php?rest_route=%2Fwp%2Fv2%2Fcategories&post=1735"},{"taxonomy":"post_tag","embeddable":true,"href":"https:\/\/www.fumssar.com.br\/index.php?rest_route=%2Fwp%2Fv2%2Ftags&post=1735"}],"curies":[{"name":"wp","href":"https:\/\/api.w.org\/{rel}","templated":true}]}}