{"id":17302,"date":"2021-05-31T14:35:00","date_gmt":"2021-05-31T17:35:00","guid":{"rendered":"http:\/\/www.fumssar.com.br\/?p=17302"},"modified":"2024-10-07T16:34:13","modified_gmt":"2024-10-07T19:34:13","slug":"alibem-faz-doacao-de-mascaras-para-fumssar","status":"publish","type":"post","link":"https:\/\/www.fumssar.com.br\/?p=17302","title":{"rendered":"ALIBEM faz doa\u00e7\u00e3o de m\u00e1scaras para FUMSSAR"},"content":{"rendered":"\n<figure class=\"wp-block-image\"><img loading=\"lazy\" decoding=\"async\" width=\"1024\" height=\"576\" src=\"https:\/\/www.fumssar.com.br\/wp-content\/uploads\/2021\/05\/WhatsApp-Image-2021-05-31-at-14.27.44-1024x576.jpeg\" alt=\"\" class=\"wp-image-17303\" srcset=\"https:\/\/www.fumssar.com.br\/wp-content\/uploads\/2021\/05\/WhatsApp-Image-2021-05-31-at-14.27.44-1024x576.jpeg 1024w, https:\/\/www.fumssar.com.br\/wp-content\/uploads\/2021\/05\/WhatsApp-Image-2021-05-31-at-14.27.44-300x169.jpeg 300w, https:\/\/www.fumssar.com.br\/wp-content\/uploads\/2021\/05\/WhatsApp-Image-2021-05-31-at-14.27.44-768x432.jpeg 768w, https:\/\/www.fumssar.com.br\/wp-content\/uploads\/2021\/05\/WhatsApp-Image-2021-05-31-at-14.27.44.jpeg 1156w\" sizes=\"(max-width: 1024px) 100vw, 1024px\" \/><\/figure>\n\n\n\n<p>A Funda\u00e7\u00e3o disponibilizar\u00e1 as m\u00e1scaras doadas nas UBS&#8217;s para o uso da popula\u00e7\u00e3o.<br>\nNa foto est\u00e3o presentes, o Presidente da Funda\u00e7\u00e3o, D\u00e9lcio Stefan, a Diretora da Gest\u00e3o da Aten\u00e7\u00e3o Prim\u00e1ria em Sa\u00fade, Fabiana Breitenbach e o membro do Conselho de Administra\u00e7\u00e3o do ALIBEM, Juscelino Francisco Gon\u00e7alves.<\/p>\n","protected":false},"excerpt":{"rendered":"<p>A Funda\u00e7\u00e3o disponibilizar\u00e1 as m\u00e1scaras doadas nas UBS&#8217;s para o uso da popula\u00e7\u00e3o. Na foto&#8230;<\/p>\n","protected":false},"author":36,"featured_media":17303,"comment_status":"closed","ping_status":"closed","sticky":false,"template":"","format":"standard","meta":{"footnotes":""},"categories":[152,2],"tags":[],"_links":{"self":[{"href":"https:\/\/www.fumssar.com.br\/index.php?rest_route=\/wp\/v2\/posts\/17302"}],"collection":[{"href":"https:\/\/www.fumssar.com.br\/index.php?rest_route=\/wp\/v2\/posts"}],"about":[{"href":"https:\/\/www.fumssar.com.br\/index.php?rest_route=\/wp\/v2\/types\/post"}],"author":[{"embeddable":true,"href":"https:\/\/www.fumssar.com.br\/index.php?rest_route=\/wp\/v2\/users\/36"}],"replies":[{"embeddable":true,"href":"https:\/\/www.fumssar.com.br\/index.php?rest_route=%2Fwp%2Fv2%2Fcomments&post=17302"}],"version-history":[{"count":1,"href":"https:\/\/www.fumssar.com.br\/index.php?rest_route=\/wp\/v2\/posts\/17302\/revisions"}],"predecessor-version":[{"id":17304,"href":"https:\/\/www.fumssar.com.br\/index.php?rest_route=\/wp\/v2\/posts\/17302\/revisions\/17304"}],"wp:featuredmedia":[{"embeddable":true,"href":"https:\/\/www.fumssar.com.br\/index.php?rest_route=\/wp\/v2\/media\/17303"}],"wp:attachment":[{"href":"https:\/\/www.fumssar.com.br\/index.php?rest_route=%2Fwp%2Fv2%2Fmedia&parent=17302"}],"wp:term":[{"taxonomy":"category","embeddable":true,"href":"https:\/\/www.fumssar.com.br\/index.php?rest_route=%2Fwp%2Fv2%2Fcategories&post=17302"},{"taxonomy":"post_tag","embeddable":true,"href":"https:\/\/www.fumssar.com.br\/index.php?rest_route=%2Fwp%2Fv2%2Ftags&post=17302"}],"curies":[{"name":"wp","href":"https:\/\/api.w.org\/{rel}","templated":true}]}}