{"id":1730,"date":"2014-05-21T13:32:58","date_gmt":"2014-05-21T13:32:58","guid":{"rendered":"http:\/\/www.fumssar.com.br\/?p=1730"},"modified":"2024-10-07T16:36:19","modified_gmt":"2024-10-07T19:36:19","slug":"fumssar-entrega-duas-academias-da-saude-para-a-comunidade","status":"publish","type":"post","link":"https:\/\/www.fumssar.com.br\/?p=1730","title":{"rendered":"FUMSSAR entrega duas Academias da Sa\u00fade para a comunidade"},"content":{"rendered":"<p><a href=\"http:\/\/www.fumssar.com.br\/wp-content\/uploads\/2014\/05\/DSCN7221.jpg\"><img loading=\"lazy\" decoding=\"async\" src=\"http:\/\/www.fumssar.com.br\/wp-content\/uploads\/2014\/05\/DSCN7221-300x224.jpg\" alt=\"DSCN7221\" width=\"300\" height=\"224\" class=\"alignnone size-medium wp-image-1732\" srcset=\"https:\/\/www.fumssar.com.br\/wp-content\/uploads\/2014\/05\/DSCN7221-300x224.jpg 300w, https:\/\/www.fumssar.com.br\/wp-content\/uploads\/2014\/05\/DSCN7221.jpg 448w\" sizes=\"(max-width: 300px) 100vw, 300px\" \/><\/a><\/p>\n<p><a href=\"http:\/\/www.fumssar.com.br\/wp-content\/uploads\/2014\/05\/c-do-sul.jpg\"><img loading=\"lazy\" decoding=\"async\" src=\"http:\/\/www.fumssar.com.br\/wp-content\/uploads\/2014\/05\/c-do-sul-300x225.jpg\" alt=\"c do sul\" width=\"300\" height=\"225\" class=\"alignnone size-medium wp-image-1733\" srcset=\"https:\/\/www.fumssar.com.br\/wp-content\/uploads\/2014\/05\/c-do-sul-300x225.jpg 300w, https:\/\/www.fumssar.com.br\/wp-content\/uploads\/2014\/05\/c-do-sul.jpg 640w\" sizes=\"(max-width: 300px) 100vw, 300px\" \/><\/a>A Administra\u00e7\u00e3o  Municipal de Santa Rosa , atrav\u00e9s  da Funda\u00e7\u00e3o Municipal de Sa\u00fade entregaram para as comunidades do Loteamento Cruzeiro do Sul e Vila esperan\u00e7a duas academias da sa\u00fade.No final da tarde de domingo (18) foi inaugurada a Academia do Loteamento Cruzeiro do Sul,obra esta que foi executada com recursos federais atrav\u00e9s de uma emenda parlamentar apresentada pelo Deputado Federal Osmar Terra (PMDB),e com contrapartida do munic\u00edpio.Os equipamentos destinados para a pr\u00e1tica de exerc\u00edcios foram instalados na pra\u00e7a do bairro e pr\u00f3ximos da unidade b\u00e1sica de sa\u00fade,ficando dispon\u00edveis \u00e0 popula\u00e7\u00e3o.<br \/>\n\tNa manh\u00e3 de ter\u00e7a-feira (20) foi a vez da comunidade da Vila Esperan\u00e7a receber a sua academia,investimento este tamb\u00e9m oriundo da esfera federal,atrav\u00e9s de emenda do Deputado Federal Elvino Bohn Gass (PT). No momento de entrega da Academia do loteamento  Cruzeiro do Sul, o Deputado  Terra destacou a import\u00e2ncia do investimento de sua emenda para a comunidade,que ir\u00e1 desfrutar da academia em prol de sua sa\u00fade.Representando ao Deputado Elvino Bohn Gass, a Vereadora Karina Kucharski ressaltou a import\u00e2ncia das academias  para a sa\u00fade da popula\u00e7\u00e3o. O Prefeito Municipal de Santa Rosa ,o Professor Alcides Vicini agradeceu em seus pronunciamentos  aos  Deputados que destinaram os recursos para as academias,destacando o comprometimento dos parlamentares com a comunidade local,Vicini destacou que a Administra\u00e7\u00e3o Municipal empenha-se muito na elabora\u00e7\u00e3o de projetos e na execu\u00e7\u00e3o,para que os recursos sejam bem aplicados,sejam eles pr\u00f3prios ou oriundos de outras esferas. O Presidente da Funda\u00e7\u00e3o Municipal de Sa\u00fade,Dr.Luis Ant\u00f4nio Benvegn\u00fa  disse que as academias poder\u00e3o servir de mecanismo que poder\u00e1 ser utilizado como complemento em prol da sa\u00fade da popula\u00e7\u00e3o,desde que sejam bem utilizados os equipamentos.O presidente falou ainda que a sa\u00fade preventiva \u00e9 uma ferramenta utilizada pela  rede b\u00e1sica de sa\u00fade,e os equipamentos,quando bem utilizados ser\u00e3o muito ben\u00e9ficos \u00e0 comunidade.<\/p>\n","protected":false},"excerpt":{"rendered":"<p>A Administra\u00e7\u00e3o Municipal de Santa Rosa , atrav\u00e9s da Funda\u00e7\u00e3o Municipal de Sa\u00fade entregaram para&#8230;<\/p>\n","protected":false},"author":11,"featured_media":1731,"comment_status":"open","ping_status":"open","sticky":false,"template":"","format":"standard","meta":{"footnotes":""},"categories":[2],"tags":[],"_links":{"self":[{"href":"https:\/\/www.fumssar.com.br\/index.php?rest_route=\/wp\/v2\/posts\/1730"}],"collection":[{"href":"https:\/\/www.fumssar.com.br\/index.php?rest_route=\/wp\/v2\/posts"}],"about":[{"href":"https:\/\/www.fumssar.com.br\/index.php?rest_route=\/wp\/v2\/types\/post"}],"author":[{"embeddable":true,"href":"https:\/\/www.fumssar.com.br\/index.php?rest_route=\/wp\/v2\/users\/11"}],"replies":[{"embeddable":true,"href":"https:\/\/www.fumssar.com.br\/index.php?rest_route=%2Fwp%2Fv2%2Fcomments&post=1730"}],"version-history":[{"count":1,"href":"https:\/\/www.fumssar.com.br\/index.php?rest_route=\/wp\/v2\/posts\/1730\/revisions"}],"predecessor-version":[{"id":1734,"href":"https:\/\/www.fumssar.com.br\/index.php?rest_route=\/wp\/v2\/posts\/1730\/revisions\/1734"}],"wp:featuredmedia":[{"embeddable":true,"href":"https:\/\/www.fumssar.com.br\/index.php?rest_route=\/wp\/v2\/media\/1731"}],"wp:attachment":[{"href":"https:\/\/www.fumssar.com.br\/index.php?rest_route=%2Fwp%2Fv2%2Fmedia&parent=1730"}],"wp:term":[{"taxonomy":"category","embeddable":true,"href":"https:\/\/www.fumssar.com.br\/index.php?rest_route=%2Fwp%2Fv2%2Fcategories&post=1730"},{"taxonomy":"post_tag","embeddable":true,"href":"https:\/\/www.fumssar.com.br\/index.php?rest_route=%2Fwp%2Fv2%2Ftags&post=1730"}],"curies":[{"name":"wp","href":"https:\/\/api.w.org\/{rel}","templated":true}]}}