{"id":17282,"date":"2021-05-28T15:14:13","date_gmt":"2021-05-28T18:14:13","guid":{"rendered":"http:\/\/www.fumssar.com.br\/?p=17282"},"modified":"2024-10-07T16:34:14","modified_gmt":"2024-10-07T19:34:14","slug":"dia-mundial-sem-tabaco","status":"publish","type":"post","link":"https:\/\/www.fumssar.com.br\/?p=17282","title":{"rendered":"Dia Mundial Sem Tabaco"},"content":{"rendered":"\n<figure class=\"wp-block-image\"><img loading=\"lazy\" decoding=\"async\" width=\"1024\" height=\"1024\" src=\"https:\/\/www.fumssar.com.br\/wp-content\/uploads\/2021\/05\/Dia-Mundial-SEM-TABACO-1024x1024.png\" alt=\"\" class=\"wp-image-17283\" srcset=\"https:\/\/www.fumssar.com.br\/wp-content\/uploads\/2021\/05\/Dia-Mundial-SEM-TABACO-1024x1024.png 1024w, https:\/\/www.fumssar.com.br\/wp-content\/uploads\/2021\/05\/Dia-Mundial-SEM-TABACO-150x150.png 150w, https:\/\/www.fumssar.com.br\/wp-content\/uploads\/2021\/05\/Dia-Mundial-SEM-TABACO-300x300.png 300w, https:\/\/www.fumssar.com.br\/wp-content\/uploads\/2021\/05\/Dia-Mundial-SEM-TABACO-768x768.png 768w, https:\/\/www.fumssar.com.br\/wp-content\/uploads\/2021\/05\/Dia-Mundial-SEM-TABACO.png 1080w\" sizes=\"(max-width: 1024px) 100vw, 1024px\" \/><\/figure>\n\n\n\n<p>Trinta\ne um de maio \u00e9 considerado o Dia Mundial sem Tabaco. Esta data serve para\nalertar sobre as doen\u00e7as e mortes evit\u00e1veis relacionadas ao tabagismo, uma\ndoen\u00e7a cr\u00f4nica, causada pela depend\u00eancia \u00e0 nicotina presente nos produtos \u00e0\nbase de tabaco.<\/p>\n\n\n\n<p>&nbsp;O tema deste ano lan\u00e7ado pela OMS \u2013\nOrganiza\u00e7\u00e3o Mundial da Sa\u00fade, enfatiza o \u201cCompromisso de parar de fumar durante\na COVID- 19\u201d, chamando a aten\u00e7\u00e3o para a decis\u00e3o de milhares de tabagistas, que\ndevido \u00e0 pandemia, decidiram querer largar o cigarro. Como em outras infec\u00e7\u00f5es\nvirais, fumantes com COVID-19 est\u00e3o mais propensos a ter complica\u00e7\u00f5es, quadros\nmais graves e maior taxa de mortalidade. Outro aspecto negativo desta rela\u00e7\u00e3o\nCigarro e Coronav\u00edrus, diz respeito \u00e0 contamina\u00e7\u00e3o, pois, o fumante toca com\nmaior frequ\u00eancia os l\u00e1bios e para fumar \u00e9 preciso retirar a m\u00e1scara.<\/p>\n\n\n\n<p>O tabagismo \u00e9 considerado pela OMS a principal causa de morte evit\u00e1vel no mundo. Estima-se que 02 bilh\u00f5es de pessoas sejam fumantes. No Brasil, 20 milh\u00f5es de pessoas fazem uso de tabaco, cerca de 08 milh\u00f5es de pessoas morrem por ano e mais de 07 milh\u00f5es dessas mortes resultam do uso direto do tabaco, enquanto cerca de 1,2 milh\u00f5es \u00e9 o resultado de n\u00e3o-fumantes expostos ao fumo passivo.<\/p>\n\n\n\n<p>Em\nSanta Rosa, no ano de 2020, foram registrados 122 casos de \u00f3bito por c\u00e2ncer,\nsendo 14 por neoplasia maligna dos br\u00f4nquios e pulm\u00f5es. Dados parciais de 2021\napontam 44 mortes por neoplasia maligna, sendo 07 mortes por neoplasia maligna\ndos br\u00f4nquios e pulm\u00f5es (VISA\/FUMSSAR, 2021). O presidente da Funda\u00e7\u00e3o Municipal\nde Sa\u00fade de Santa Rosa, D\u00e9lcio Stefan, destaca o papel do munic\u00edpio nesta\nfor\u00e7a-tarefa, \u201cNosso objetivo \u00e9 trabalhar cada dia mais, a conscientiza\u00e7\u00e3o dos\ndependentes de nicotina, para que busquem ajuda e deixem este mau h\u00e1bito de\nlado, tendo assim uma vida mais saud\u00e1vel\u201d. <\/p>\n\n\n\n<p>A depend\u00eancia de nicotina faz com que essas pessoas estejam expostas a subst\u00e2ncias t\u00f3xicas da fuma\u00e7a do tabaco (fumantes ativos e passivos) ficando vulner\u00e1veis a desenvolverem doen\u00e7as graves, do tipo: cardiovasculares, pulmonares obstrutivas cr\u00f4nicas, c\u00e2ncer e muitas outras. O fumo passivo consiste na inala\u00e7\u00e3o da fuma\u00e7a do tabaco, que possui 4720 diferentes subst\u00e2ncias t\u00f3xicas, sendo 40 comprovadamente cancer\u00edgenas. A fuma\u00e7a possui 03 vezes mais nicotina, mon\u00f3xido de carbono e at\u00e9 50 vezes mais subst\u00e2ncias cancer\u00edgenas do que aquela que o fumante ativo inala. <\/p>\n\n\n\n<p>O\ntratamento de combate e preven\u00e7\u00e3o ao tabagismo est\u00e1 vinculado ao SUS. O\ntabagista que deseja parar de fumar deve procurar a Unidade B\u00e1sica de Sa\u00fade\nmais pr\u00f3xima e\/ou o CAPS AD &#8211; Centro de Aten\u00e7\u00e3o Psicossocial \u00c1lcool e Drogas\npara receber o tratamento adequado. A Assistente Social e Coordenadora do CAPS\nAD \u2013 Movimento, M\u00e1rcia Dineia Quinsani explica como funciona esse tratamento,\n\u201cO paciente chega no CAPS AD e \u00e9 avaliado por uma equipe multiprofissional que\nverifica qual o procedimento mais indicado para cada usu\u00e1rio. Esse tratamento\nenvolve uma abordagem cognitiva comportamental e se necess\u00e1rio o uso de\nmedicamentos, que s\u00e3o: adesivos transd\u00e9rmicos e bupropiona\u201d. <\/p>\n\n\n\n<p>Nos\nanos de 2020 e 2021 n\u00e3o foi poss\u00edvel a forma\u00e7\u00e3o de grupos de tratamento contra\no tabagismo, por conta do distanciamento social, mas foi disponibilizado o\ntratamento em duplas ou individual obtendo&nbsp;\nda mesma forma um resultado satisfat\u00f3rio. A dona de casa Clair Aparecida\nMix Schmitt, hoje ex-fumante, realizou o tratamento no CAPS AD \u2013 Movimento e\nconta como foi sua experi\u00eancia, \u201cEu tentei v\u00e1rias e v\u00e1rias vezes parar de\nfumar, mas n\u00e3o conseguia porque era muito dif\u00edcil. Foi a\u00ed que eu procurei ajuda\nno CAPS AD, onde fui muito bem acolhida e comecei fazer o tratamento com muita\nfor\u00e7a de vontade e com a ajuda da medica\u00e7\u00e3o e adesivos. Com o passar do tempo,\nconsegui largar o cigarro que me fazia t\u00e3o mal. Foi uma coisa muito boa que me\naconteceu. Agrade\u00e7o muito por tudo, estou muito feliz e gostaria, atrav\u00e9s do\nmeu depoimento, incentivar mais pessoas a fazerem o mesmo\u201d.<\/p>\n\n\n\n<p>O CAPS AD \u2013 Movimento atende todo o munic\u00edpio de Santa Rosa e todas as faixas et\u00e1rias. O hor\u00e1rio de atendimento \u00e9 das 08h00 \u00e0s 18h00 sem fechar ao meio-dia de segunda a sexta-feira.  A Pol\u00edtica Municipal de Preven\u00e7\u00e3o e Controle ao Tabagismo est\u00e1 sob a coordena\u00e7\u00e3o da Assistente Social M\u00e1rcia Dineia Quinsani e do Terapeuta Ocupacional Carlos Eduardo Matheis. O Centro fica localizado na Av. Flores da Cunha, 1321, Cruzeiro, Santa Rosa e o telefone para contato \u00e9 o (55) 3513-5158.<\/p>\n","protected":false},"excerpt":{"rendered":"<p>Trinta e um de maio \u00e9 considerado o Dia Mundial sem Tabaco. Esta data serve&#8230;<\/p>\n","protected":false},"author":36,"featured_media":17283,"comment_status":"closed","ping_status":"closed","sticky":false,"template":"","format":"standard","meta":{"footnotes":""},"categories":[2],"tags":[],"_links":{"self":[{"href":"https:\/\/www.fumssar.com.br\/index.php?rest_route=\/wp\/v2\/posts\/17282"}],"collection":[{"href":"https:\/\/www.fumssar.com.br\/index.php?rest_route=\/wp\/v2\/posts"}],"about":[{"href":"https:\/\/www.fumssar.com.br\/index.php?rest_route=\/wp\/v2\/types\/post"}],"author":[{"embeddable":true,"href":"https:\/\/www.fumssar.com.br\/index.php?rest_route=\/wp\/v2\/users\/36"}],"replies":[{"embeddable":true,"href":"https:\/\/www.fumssar.com.br\/index.php?rest_route=%2Fwp%2Fv2%2Fcomments&post=17282"}],"version-history":[{"count":2,"href":"https:\/\/www.fumssar.com.br\/index.php?rest_route=\/wp\/v2\/posts\/17282\/revisions"}],"predecessor-version":[{"id":17292,"href":"https:\/\/www.fumssar.com.br\/index.php?rest_route=\/wp\/v2\/posts\/17282\/revisions\/17292"}],"wp:featuredmedia":[{"embeddable":true,"href":"https:\/\/www.fumssar.com.br\/index.php?rest_route=\/wp\/v2\/media\/17283"}],"wp:attachment":[{"href":"https:\/\/www.fumssar.com.br\/index.php?rest_route=%2Fwp%2Fv2%2Fmedia&parent=17282"}],"wp:term":[{"taxonomy":"category","embeddable":true,"href":"https:\/\/www.fumssar.com.br\/index.php?rest_route=%2Fwp%2Fv2%2Fcategories&post=17282"},{"taxonomy":"post_tag","embeddable":true,"href":"https:\/\/www.fumssar.com.br\/index.php?rest_route=%2Fwp%2Fv2%2Ftags&post=17282"}],"curies":[{"name":"wp","href":"https:\/\/api.w.org\/{rel}","templated":true}]}}