{"id":17280,"date":"2021-05-28T08:43:01","date_gmt":"2021-05-28T11:43:01","guid":{"rendered":"http:\/\/www.fumssar.com.br\/?p=17280"},"modified":"2021-05-28T08:43:03","modified_gmt":"2021-05-28T11:43:03","slug":"dispensa-de-licitacao-no47-2021","status":"publish","type":"post","link":"https:\/\/www.fumssar.com.br\/?p=17280","title":{"rendered":"Dispensa de Licita\u00e7\u00e3o n\u00ba47\/2021"},"content":{"rendered":"\n<p>\n<strong>CONTRATANTE:\n<\/strong>Funda\u00e7\u00e3o\nMunicipal de Sa\u00fade de Santa Rosa \u2013 FUMSSAR<\/p>\n\n\n\n<p>\n<strong>OBJETO:<\/strong>\nCompanha de Preven\u00e7\u00e3o e Informa\u00e7\u00e3o\nReferente\nao\nCOVID-19 (m\u00eddia digital).<\/p>\n\n\n\n<p>\n<strong>PROCESSO\nADMINISTRATIVO N.\u00ba<\/strong>:\n1829\/2021\nde 28\/04\/2021.<\/p>\n\n\n\n<p>\n<strong>CONTRATADO<\/strong><strong>:<\/strong>\n\nPLURAL\nAGENCIA DE PUBLICIDADE LTDA<\/p>\n\n\n\n<p>\n<strong>CNPJ:\n<\/strong>33.399.955\/0001-12.<\/p>\n\n\n\n<p>\n<strong>VALOR\n<\/strong><strong>MENSAL<\/strong><strong>:<\/strong>\nR$ 1.099,00\n(Um mil noventa\ne nove\nreais)<\/p>\n\n\n\n<p>\n<strong>CONTRATADO<\/strong><strong>:<\/strong>\n\nEMPRESA\nJORNALISTICA CALDAS JUNIOR LTDA<\/p>\n\n\n\n<p>\n<strong>CNPJ:\n<\/strong>92.757.798\/0001-39.<\/p>\n\n\n\n<p>\n<strong>VALOR\n<\/strong><strong>MENSAL<\/strong><strong>:<\/strong>\nR$ 1.099,00\n(Um mil noventa\ne nove\nreais)<\/p>\n\n\n\n<p>\n<strong>PER\u00cdODO\nDA DIVULGA\u00c7\u00c3O: <\/strong>3\n(Tr\u00eas) meses<\/p>\n\n\n\n<p>\n<strong>FUNDAMENTO\nLEGAL: <\/strong>Com\nbase na\nMPV 1.047\/2021 e art.\n24, inc. IV, da Lei Federal n.\u00ba 8.666\/93 e suas altera\u00e7\u00f5es.<\/p>\n\n\n\n<p>\nSanta\nRosa, 27 de Maio de 2021.<\/p>\n\n\n\n<table class=\"wp-block-table aligncenter\"><tbody><tr><td> ______________________________ <br>Rog\u00e9rio Silva dos  Santos <br>Diretor de Gest\u00e3o Administrativa <\/td><td>\n\t\t\t\t<br>\n\n\t\t\t\t\n\t\t\t<\/td><\/tr><\/tbody><\/table>\n","protected":false},"excerpt":{"rendered":"<p>CONTRATANTE: Funda\u00e7\u00e3o Municipal de Sa\u00fade de Santa Rosa \u2013 FUMSSAR OBJETO: Companha de Preven\u00e7\u00e3o e&#8230;<\/p>\n","protected":false},"author":7,"featured_media":0,"comment_status":"open","ping_status":"open","sticky":false,"template":"","format":"standard","meta":{"footnotes":""},"categories":[174],"tags":[],"_links":{"self":[{"href":"https:\/\/www.fumssar.com.br\/index.php?rest_route=\/wp\/v2\/posts\/17280"}],"collection":[{"href":"https:\/\/www.fumssar.com.br\/index.php?rest_route=\/wp\/v2\/posts"}],"about":[{"href":"https:\/\/www.fumssar.com.br\/index.php?rest_route=\/wp\/v2\/types\/post"}],"author":[{"embeddable":true,"href":"https:\/\/www.fumssar.com.br\/index.php?rest_route=\/wp\/v2\/users\/7"}],"replies":[{"embeddable":true,"href":"https:\/\/www.fumssar.com.br\/index.php?rest_route=%2Fwp%2Fv2%2Fcomments&post=17280"}],"version-history":[{"count":1,"href":"https:\/\/www.fumssar.com.br\/index.php?rest_route=\/wp\/v2\/posts\/17280\/revisions"}],"predecessor-version":[{"id":17281,"href":"https:\/\/www.fumssar.com.br\/index.php?rest_route=\/wp\/v2\/posts\/17280\/revisions\/17281"}],"wp:attachment":[{"href":"https:\/\/www.fumssar.com.br\/index.php?rest_route=%2Fwp%2Fv2%2Fmedia&parent=17280"}],"wp:term":[{"taxonomy":"category","embeddable":true,"href":"https:\/\/www.fumssar.com.br\/index.php?rest_route=%2Fwp%2Fv2%2Fcategories&post=17280"},{"taxonomy":"post_tag","embeddable":true,"href":"https:\/\/www.fumssar.com.br\/index.php?rest_route=%2Fwp%2Fv2%2Ftags&post=17280"}],"curies":[{"name":"wp","href":"https:\/\/api.w.org\/{rel}","templated":true}]}}