{"id":17261,"date":"2021-05-27T13:53:13","date_gmt":"2021-05-27T16:53:13","guid":{"rendered":"http:\/\/www.fumssar.com.br\/?p=17261"},"modified":"2024-10-07T16:34:33","modified_gmt":"2024-10-07T19:34:33","slug":"14a-conferencia-municipal-de-saude","status":"publish","type":"post","link":"https:\/\/www.fumssar.com.br\/?p=17261","title":{"rendered":"14\u00aa CONFER\u00caNCIA MUNICIPAL DE SA\u00daDE"},"content":{"rendered":"\n<figure class=\"wp-block-image\"><img loading=\"lazy\" decoding=\"async\" width=\"1024\" height=\"927\" src=\"https:\/\/www.fumssar.com.br\/wp-content\/uploads\/2021\/05\/Green-Business-Conference-Instagram-Post-1024x927.png\" alt=\"\" class=\"wp-image-17262\" srcset=\"https:\/\/www.fumssar.com.br\/wp-content\/uploads\/2021\/05\/Green-Business-Conference-Instagram-Post-1024x927.png 1024w, https:\/\/www.fumssar.com.br\/wp-content\/uploads\/2021\/05\/Green-Business-Conference-Instagram-Post-300x272.png 300w, https:\/\/www.fumssar.com.br\/wp-content\/uploads\/2021\/05\/Green-Business-Conference-Instagram-Post-768x695.png 768w, https:\/\/www.fumssar.com.br\/wp-content\/uploads\/2021\/05\/Green-Business-Conference-Instagram-Post.png 1080w\" sizes=\"(max-width: 1024px) 100vw, 1024px\" \/><\/figure>\n\n\n\n<p>Iniciamos o processo da 14\u00aa CONFER\u00caNCIA MUNICIPAL DE SA\u00daDE, nos dias 18 e 19 de junho, presidida pela conselheira e enfermeira Elisiane Bisognin. Nos dias 07,08 e 09 de junho, ocorrer\u00e3o em cada uma das 18 unidades de sa\u00fade, reuni\u00f5es presenciais, com n\u00famero reduzido de pessoas, e os demais participantes ser\u00e3o pela internet, onde haver\u00e1 discuss\u00f5es sobre o SISTEMA DE SA\u00daDE, problemas existentes, o que est\u00e1 bom e propostas, posteriormente \u00e9 realizado um relat\u00f3rio final e aprovado na plen\u00e1ria final, nos dias 18 e 19. Este documento deve guiar o gestor p\u00fablico, para qualificar o SUS de Santa Rosa. Qualquer morador da cidade pode participar, mais informa\u00e7\u00f5es e inscri\u00e7\u00f5es na Unidade de Sa\u00fade, a qual voc\u00ea pertence.<\/p>\n","protected":false},"excerpt":{"rendered":"<p>Iniciamos o processo da 14\u00aa CONFER\u00caNCIA MUNICIPAL DE SA\u00daDE, nos dias 18 e 19 de&#8230;<\/p>\n","protected":false},"author":36,"featured_media":17262,"comment_status":"closed","ping_status":"closed","sticky":false,"template":"","format":"standard","meta":{"footnotes":""},"categories":[2,1],"tags":[],"_links":{"self":[{"href":"https:\/\/www.fumssar.com.br\/index.php?rest_route=\/wp\/v2\/posts\/17261"}],"collection":[{"href":"https:\/\/www.fumssar.com.br\/index.php?rest_route=\/wp\/v2\/posts"}],"about":[{"href":"https:\/\/www.fumssar.com.br\/index.php?rest_route=\/wp\/v2\/types\/post"}],"author":[{"embeddable":true,"href":"https:\/\/www.fumssar.com.br\/index.php?rest_route=\/wp\/v2\/users\/36"}],"replies":[{"embeddable":true,"href":"https:\/\/www.fumssar.com.br\/index.php?rest_route=%2Fwp%2Fv2%2Fcomments&post=17261"}],"version-history":[{"count":2,"href":"https:\/\/www.fumssar.com.br\/index.php?rest_route=\/wp\/v2\/posts\/17261\/revisions"}],"predecessor-version":[{"id":17264,"href":"https:\/\/www.fumssar.com.br\/index.php?rest_route=\/wp\/v2\/posts\/17261\/revisions\/17264"}],"wp:featuredmedia":[{"embeddable":true,"href":"https:\/\/www.fumssar.com.br\/index.php?rest_route=\/wp\/v2\/media\/17262"}],"wp:attachment":[{"href":"https:\/\/www.fumssar.com.br\/index.php?rest_route=%2Fwp%2Fv2%2Fmedia&parent=17261"}],"wp:term":[{"taxonomy":"category","embeddable":true,"href":"https:\/\/www.fumssar.com.br\/index.php?rest_route=%2Fwp%2Fv2%2Fcategories&post=17261"},{"taxonomy":"post_tag","embeddable":true,"href":"https:\/\/www.fumssar.com.br\/index.php?rest_route=%2Fwp%2Fv2%2Ftags&post=17261"}],"curies":[{"name":"wp","href":"https:\/\/api.w.org\/{rel}","templated":true}]}}