{"id":17229,"date":"2021-05-25T15:23:37","date_gmt":"2021-05-25T18:23:37","guid":{"rendered":"http:\/\/www.fumssar.com.br\/?p=17229"},"modified":"2024-10-07T16:34:33","modified_gmt":"2024-10-07T19:34:33","slug":"fumssar-disponibiliza-atendimento-pediatrico","status":"publish","type":"post","link":"https:\/\/www.fumssar.com.br\/?p=17229","title":{"rendered":"FUMSSAR disponibiliza atendimento pedi\u00e1trico"},"content":{"rendered":"\n<figure class=\"wp-block-image\"><img loading=\"lazy\" decoding=\"async\" width=\"1024\" height=\"576\" src=\"https:\/\/www.fumssar.com.br\/wp-content\/uploads\/2021\/05\/WhatsApp-Image-2021-05-17-at-15.18.46-1024x576.jpeg\" alt=\"\" class=\"wp-image-17230\" srcset=\"https:\/\/www.fumssar.com.br\/wp-content\/uploads\/2021\/05\/WhatsApp-Image-2021-05-17-at-15.18.46-1024x576.jpeg 1024w, https:\/\/www.fumssar.com.br\/wp-content\/uploads\/2021\/05\/WhatsApp-Image-2021-05-17-at-15.18.46-300x169.jpeg 300w, https:\/\/www.fumssar.com.br\/wp-content\/uploads\/2021\/05\/WhatsApp-Image-2021-05-17-at-15.18.46-768x432.jpeg 768w, https:\/\/www.fumssar.com.br\/wp-content\/uploads\/2021\/05\/WhatsApp-Image-2021-05-17-at-15.18.46.jpeg 1280w\" sizes=\"(max-width: 1024px) 100vw, 1024px\" \/><\/figure>\n\n\n\n<p>A Funda\u00e7\u00e3o Municipal de Sa\u00fade de\nSanta Rosa oferece atendimento pedi\u00e1trico no Centro de Especialidades. Al\u00e9m da\nconsulta com o pediatra, o paciente recebe um atendimento multiprofissional na\nUnidade B\u00e1sica de Sa\u00fade. Em m\u00e9dia, s\u00e3o realizadas 08 consultas no turno da\nmanh\u00e3, todos os dias, de segunda a sexta-feira, das 07h30 \u00e0s 11h30, mediante\nagendamento.<\/p>\n\n\n\n<p>Quando uma crian\u00e7a \u00e9 levada at\u00e9 a\nUBS, ela recebe avalia\u00e7\u00e3o dos profissionais da sa\u00fade: t\u00e9cnico de enfermagem,\nenfermeiro e do m\u00e9dico de fam\u00edlia. Ap\u00f3s esta avalia\u00e7\u00e3o, se necess\u00e1rio, a\ncrian\u00e7a \u00e9 encaminhada para consulta com o pediatra no Centro de Especialidades.\nO m\u00e9dico F\u00e1bio Ant\u00f4nio Queruz, pediatra da FUMSSAR \u00e9 o profissional que oferece\nesse atendimento pedi\u00e1trico.<\/p>\n\n\n\n<p>Nas segundas-feiras, no turno da\ntarde, o pediatra atende pacientes egressos da UTI Neonatal, que recebem um\natendimento personalizado devido \u00e0 complexidade de seu quadro m\u00e9dico. Outro\nservi\u00e7o disponibilizado pela funda\u00e7\u00e3o \u00e9 o matriciamento. Em algumas tardes da\nsemana, o pediatra assessora os profissionais de sa\u00fade das UBS\u2019s no diagn\u00f3stico\ne tratamento de alguns pacientes. Para o presidente da FUMSSAR, D\u00e9lcio Stefan,\no matriciamento \u00e9 uma excelente ferramenta para o per\u00edodo em que estamos\nvivendo. \u201cAs consultas \u00e0 dist\u00e2ncia garantem em tempos de pandemia, que se\nmantenha o compromisso de atender os usu\u00e1rios, sem colocar pacientes, nem\nprofissionais em risco. Tamb\u00e9m prioriza no consult\u00f3rio aqueles pacientes que\nest\u00e3o com uma situa\u00e7\u00e3o mais delicada e que necessariamente precisam de uma\nconsulta presencial com o pediatra\u201d. <\/p>\n\n\n\n<p>Na vis\u00e3o do pediatra F\u00e1bio, o\nmatriciamento \u00e9 tamb\u00e9m, uma alternativa para as consultas de rotina e casos com\nsintomas leves. Atrav\u00e9s dele, tamb\u00e9m existe o benef\u00edcio de que v\u00e1rios\nprofissionais em conjunto avaliam o paciente, resultando em um diagn\u00f3stico e\ntratamento mais corretos, \u201cEm uma das situa\u00e7\u00f5es, avaliei uma les\u00e3o de pele de\numa crian\u00e7a. O matriciamento oferece a op\u00e7\u00e3o de ver fotos do paciente, \u00e1udios\ndo enfermeiro\/m\u00e9dico que est\u00e1 atendendo esta crian\u00e7a e, a partir disso, fazer a\navalia\u00e7\u00e3o geral dela. Al\u00e9m disso, \u00e9 poss\u00edvel acessar todo o prontu\u00e1rio do\npaciente, com isso conseguimos dar uma orienta\u00e7\u00e3o mais assertiva de\ntratamento\u201d.<\/p>\n\n\n\n<p>O atendimento pedi\u00e1trico \u00e9 realizado\npara crian\u00e7as de 0 a 12 anos. A partir desta idade, o paciente j\u00e1 pode\nconsultar com o m\u00e9dico cl\u00ednico geral. O Centro de Especialidades fica no pr\u00e9dio\nda FUMSSAR, localizado na Rua Dr. Francisco Timm, 480, Centro &#8211; Santa Rosa.<\/p>\n","protected":false},"excerpt":{"rendered":"<p>A Funda\u00e7\u00e3o Municipal de Sa\u00fade de Santa Rosa oferece atendimento pedi\u00e1trico no Centro de Especialidades&#8230;.<\/p>\n","protected":false},"author":36,"featured_media":17230,"comment_status":"closed","ping_status":"closed","sticky":false,"template":"","format":"standard","meta":{"footnotes":""},"categories":[2],"tags":[],"_links":{"self":[{"href":"https:\/\/www.fumssar.com.br\/index.php?rest_route=\/wp\/v2\/posts\/17229"}],"collection":[{"href":"https:\/\/www.fumssar.com.br\/index.php?rest_route=\/wp\/v2\/posts"}],"about":[{"href":"https:\/\/www.fumssar.com.br\/index.php?rest_route=\/wp\/v2\/types\/post"}],"author":[{"embeddable":true,"href":"https:\/\/www.fumssar.com.br\/index.php?rest_route=\/wp\/v2\/users\/36"}],"replies":[{"embeddable":true,"href":"https:\/\/www.fumssar.com.br\/index.php?rest_route=%2Fwp%2Fv2%2Fcomments&post=17229"}],"version-history":[{"count":1,"href":"https:\/\/www.fumssar.com.br\/index.php?rest_route=\/wp\/v2\/posts\/17229\/revisions"}],"predecessor-version":[{"id":17231,"href":"https:\/\/www.fumssar.com.br\/index.php?rest_route=\/wp\/v2\/posts\/17229\/revisions\/17231"}],"wp:featuredmedia":[{"embeddable":true,"href":"https:\/\/www.fumssar.com.br\/index.php?rest_route=\/wp\/v2\/media\/17230"}],"wp:attachment":[{"href":"https:\/\/www.fumssar.com.br\/index.php?rest_route=%2Fwp%2Fv2%2Fmedia&parent=17229"}],"wp:term":[{"taxonomy":"category","embeddable":true,"href":"https:\/\/www.fumssar.com.br\/index.php?rest_route=%2Fwp%2Fv2%2Fcategories&post=17229"},{"taxonomy":"post_tag","embeddable":true,"href":"https:\/\/www.fumssar.com.br\/index.php?rest_route=%2Fwp%2Fv2%2Ftags&post=17229"}],"curies":[{"name":"wp","href":"https:\/\/api.w.org\/{rel}","templated":true}]}}