{"id":17184,"date":"2021-05-20T15:01:27","date_gmt":"2021-05-20T18:01:27","guid":{"rendered":"http:\/\/www.fumssar.com.br\/?p=17184"},"modified":"2024-10-07T16:34:33","modified_gmt":"2024-10-07T19:34:33","slug":"santa-rosa-ja-aplicou-mais-de-25-000-doses-da-vacina-contra-a-covid-19","status":"publish","type":"post","link":"https:\/\/www.fumssar.com.br\/?p=17184","title":{"rendered":"Santa Rosa aplicou mais de 25.000 doses da vacina contra a COVID-19"},"content":{"rendered":"\n<figure class=\"wp-block-image\"><img loading=\"lazy\" decoding=\"async\" width=\"1024\" height=\"1024\" src=\"https:\/\/www.fumssar.com.br\/wp-content\/uploads\/2021\/05\/186501695_3964905343625856_4729798161850891648_n-1024x1024.jpg\" alt=\"\" class=\"wp-image-17195\" srcset=\"https:\/\/www.fumssar.com.br\/wp-content\/uploads\/2021\/05\/186501695_3964905343625856_4729798161850891648_n-1024x1024.jpg 1024w, https:\/\/www.fumssar.com.br\/wp-content\/uploads\/2021\/05\/186501695_3964905343625856_4729798161850891648_n-150x150.jpg 150w, https:\/\/www.fumssar.com.br\/wp-content\/uploads\/2021\/05\/186501695_3964905343625856_4729798161850891648_n-300x300.jpg 300w, https:\/\/www.fumssar.com.br\/wp-content\/uploads\/2021\/05\/186501695_3964905343625856_4729798161850891648_n-768x768.jpg 768w, https:\/\/www.fumssar.com.br\/wp-content\/uploads\/2021\/05\/186501695_3964905343625856_4729798161850891648_n.jpg 1079w\" sizes=\"(max-width: 1024px) 100vw, 1024px\" \/><\/figure>\n\n\n\n<p>Durante a campanha de vacina\u00e7\u00e3o contra a COVID-19, a FUMSSAR \u2013 Funda\u00e7\u00e3o Municipal de Sa\u00fade de Santa Rosa j\u00e1 aplicou 25.755 doses. Do total, 18.363 foram de primeira dose (D1) e 7.392 de segunda dose (D2). Os dados s\u00e3o do \u00faltimo informativo da campanha divulgado nesta quarta-feira (19). Os registros est\u00e3o de acordo com os dados inseridos no novo SI-PNI, do Minist\u00e9rio da Sa\u00fade.<br><br> Para o presidente da FUMSSAR, D\u00e9lcio Stefan, este \u00e9 um importante marco na campanha de vacina\u00e7\u00e3o no munic\u00edpio, \u201cEstamos avan\u00e7ando com o objetivo de alcan\u00e7ar o maior n\u00famero poss\u00edvel de pessoas imunizadas em Santa Rosa\u201d. Nesta quinta-feira, D\u00e9lcio acompanhou a vacina\u00e7\u00e3o dos professores da Educa\u00e7\u00e3o Infantil. <br><br> A partir de agora a vacina\u00e7\u00e3o segue para pessoas dos grupos priorit\u00e1rios inclu\u00eddos no cronograma de vacina\u00e7\u00e3o contra a COVID-19, elencados pelo Plano Nacional de Operacionaliza\u00e7\u00e3o e tamb\u00e9m para as segundas doses da vacina CoronaVac que estavam em atraso.<\/p>\n","protected":false},"excerpt":{"rendered":"<p>Durante a campanha de vacina\u00e7\u00e3o contra a COVID-19, a FUMSSAR \u2013 Funda\u00e7\u00e3o Municipal de Sa\u00fade&#8230;<\/p>\n","protected":false},"author":36,"featured_media":17195,"comment_status":"closed","ping_status":"closed","sticky":false,"template":"","format":"standard","meta":{"footnotes":""},"categories":[152,2],"tags":[],"_links":{"self":[{"href":"https:\/\/www.fumssar.com.br\/index.php?rest_route=\/wp\/v2\/posts\/17184"}],"collection":[{"href":"https:\/\/www.fumssar.com.br\/index.php?rest_route=\/wp\/v2\/posts"}],"about":[{"href":"https:\/\/www.fumssar.com.br\/index.php?rest_route=\/wp\/v2\/types\/post"}],"author":[{"embeddable":true,"href":"https:\/\/www.fumssar.com.br\/index.php?rest_route=\/wp\/v2\/users\/36"}],"replies":[{"embeddable":true,"href":"https:\/\/www.fumssar.com.br\/index.php?rest_route=%2Fwp%2Fv2%2Fcomments&post=17184"}],"version-history":[{"count":6,"href":"https:\/\/www.fumssar.com.br\/index.php?rest_route=\/wp\/v2\/posts\/17184\/revisions"}],"predecessor-version":[{"id":17197,"href":"https:\/\/www.fumssar.com.br\/index.php?rest_route=\/wp\/v2\/posts\/17184\/revisions\/17197"}],"wp:featuredmedia":[{"embeddable":true,"href":"https:\/\/www.fumssar.com.br\/index.php?rest_route=\/wp\/v2\/media\/17195"}],"wp:attachment":[{"href":"https:\/\/www.fumssar.com.br\/index.php?rest_route=%2Fwp%2Fv2%2Fmedia&parent=17184"}],"wp:term":[{"taxonomy":"category","embeddable":true,"href":"https:\/\/www.fumssar.com.br\/index.php?rest_route=%2Fwp%2Fv2%2Fcategories&post=17184"},{"taxonomy":"post_tag","embeddable":true,"href":"https:\/\/www.fumssar.com.br\/index.php?rest_route=%2Fwp%2Fv2%2Ftags&post=17184"}],"curies":[{"name":"wp","href":"https:\/\/api.w.org\/{rel}","templated":true}]}}