{"id":17167,"date":"2021-05-19T15:45:19","date_gmt":"2021-05-19T18:45:19","guid":{"rendered":"http:\/\/www.fumssar.com.br\/?p=17167"},"modified":"2024-10-07T16:34:33","modified_gmt":"2024-10-07T19:34:33","slug":"fumssar-recebe-lote-para-segundas-doses-da-coronavac","status":"publish","type":"post","link":"https:\/\/www.fumssar.com.br\/?p=17167","title":{"rendered":"FUMSSAR recebe lote para segundas doses da CoronaVac"},"content":{"rendered":"\n<figure class=\"wp-block-image\"><img loading=\"lazy\" decoding=\"async\" width=\"770\" height=\"416\" src=\"https:\/\/www.fumssar.com.br\/wp-content\/uploads\/2021\/05\/0118-vacinacao-covid19-770x416.jpeg\" alt=\"\" class=\"wp-image-17168\" srcset=\"https:\/\/www.fumssar.com.br\/wp-content\/uploads\/2021\/05\/0118-vacinacao-covid19-770x416.jpeg 770w, https:\/\/www.fumssar.com.br\/wp-content\/uploads\/2021\/05\/0118-vacinacao-covid19-770x416-300x162.jpeg 300w, https:\/\/www.fumssar.com.br\/wp-content\/uploads\/2021\/05\/0118-vacinacao-covid19-770x416-768x415.jpeg 768w\" sizes=\"(max-width: 770px) 100vw, 770px\" \/><\/figure>\n\n\n\n<p>A Funda\u00e7\u00e3o de Sa\u00fade de Santa Rosa ir\u00e1 receber nesta quarta-feira (19), 1600 doses da vacina CoronaVac. Estas doses est\u00e3o destinadas para os idosos que est\u00e3o com a segunda dose atrasada. O quantitativo ser\u00e1 igualmente distribu\u00eddo entre todas as Unidades B\u00e1sicas de Sa\u00fade, que estar\u00e3o contatando os usu\u00e1rios e agendando o atendimento na unidade. <\/p>\n\n\n\n<p>As doses da CoronaVac estar\u00e3o dispon\u00edveis nas UBS\u2019s a partir de quinta-feira (20) na parte da tarde. A chegada desta nova remessa ser\u00e1 suficiente para colocar em dia o esquema vacinal de quem est\u00e1 com a segunda dose em atraso.<\/p>\n\n\n\n<p>Todos que forem se vacinar precisam levar documento com foto e se poss\u00edvel caderneta de vacina\u00e7\u00e3o. <\/p>\n\n\n\n<p>D\u00favidas e Informa\u00e7\u00f5es: vacinacovid@fumssar.com.br<\/p>\n\n\n\n<ul><li>Importante: Pessoas que se vacinaram contra a Influenza (GRIPE) precisam aguardar o prazo de 14 dias para poder receber a vacina contra a COVID-19<\/li><\/ul>\n","protected":false},"excerpt":{"rendered":"<p>A Funda\u00e7\u00e3o de Sa\u00fade de Santa Rosa ir\u00e1 receber nesta quarta-feira (19), 1600 doses da&#8230;<\/p>\n","protected":false},"author":36,"featured_media":17168,"comment_status":"closed","ping_status":"closed","sticky":false,"template":"","format":"standard","meta":{"footnotes":""},"categories":[152,2],"tags":[],"_links":{"self":[{"href":"https:\/\/www.fumssar.com.br\/index.php?rest_route=\/wp\/v2\/posts\/17167"}],"collection":[{"href":"https:\/\/www.fumssar.com.br\/index.php?rest_route=\/wp\/v2\/posts"}],"about":[{"href":"https:\/\/www.fumssar.com.br\/index.php?rest_route=\/wp\/v2\/types\/post"}],"author":[{"embeddable":true,"href":"https:\/\/www.fumssar.com.br\/index.php?rest_route=\/wp\/v2\/users\/36"}],"replies":[{"embeddable":true,"href":"https:\/\/www.fumssar.com.br\/index.php?rest_route=%2Fwp%2Fv2%2Fcomments&post=17167"}],"version-history":[{"count":1,"href":"https:\/\/www.fumssar.com.br\/index.php?rest_route=\/wp\/v2\/posts\/17167\/revisions"}],"predecessor-version":[{"id":17169,"href":"https:\/\/www.fumssar.com.br\/index.php?rest_route=\/wp\/v2\/posts\/17167\/revisions\/17169"}],"wp:featuredmedia":[{"embeddable":true,"href":"https:\/\/www.fumssar.com.br\/index.php?rest_route=\/wp\/v2\/media\/17168"}],"wp:attachment":[{"href":"https:\/\/www.fumssar.com.br\/index.php?rest_route=%2Fwp%2Fv2%2Fmedia&parent=17167"}],"wp:term":[{"taxonomy":"category","embeddable":true,"href":"https:\/\/www.fumssar.com.br\/index.php?rest_route=%2Fwp%2Fv2%2Fcategories&post=17167"},{"taxonomy":"post_tag","embeddable":true,"href":"https:\/\/www.fumssar.com.br\/index.php?rest_route=%2Fwp%2Fv2%2Ftags&post=17167"}],"curies":[{"name":"wp","href":"https:\/\/api.w.org\/{rel}","templated":true}]}}