{"id":17110,"date":"2021-05-19T10:11:25","date_gmt":"2021-05-19T13:11:25","guid":{"rendered":"http:\/\/www.fumssar.com.br\/?p=17110"},"modified":"2024-10-07T16:34:33","modified_gmt":"2024-10-07T19:34:33","slug":"santa-rosa-recebe-03-camaras-de-conservacao-de-vacinas","status":"publish","type":"post","link":"https:\/\/www.fumssar.com.br\/?p=17110","title":{"rendered":"Santa Rosa recebe 03 c\u00e2maras de conserva\u00e7\u00e3o de vacinas"},"content":{"rendered":"\n<figure class=\"wp-block-image\"><img loading=\"lazy\" decoding=\"async\" width=\"1024\" height=\"670\" src=\"https:\/\/www.fumssar.com.br\/wp-content\/uploads\/2021\/05\/WhatsApp-Image-2021-05-17-at-10.11.00-1024x670.jpeg\" alt=\"\" class=\"wp-image-17111\" srcset=\"https:\/\/www.fumssar.com.br\/wp-content\/uploads\/2021\/05\/WhatsApp-Image-2021-05-17-at-10.11.00-1024x670.jpeg 1024w, https:\/\/www.fumssar.com.br\/wp-content\/uploads\/2021\/05\/WhatsApp-Image-2021-05-17-at-10.11.00-300x196.jpeg 300w, https:\/\/www.fumssar.com.br\/wp-content\/uploads\/2021\/05\/WhatsApp-Image-2021-05-17-at-10.11.00-768x502.jpeg 768w, https:\/\/www.fumssar.com.br\/wp-content\/uploads\/2021\/05\/WhatsApp-Image-2021-05-17-at-10.11.00.jpeg 1156w\" sizes=\"(max-width: 1024px) 100vw, 1024px\" \/><\/figure>\n\n\n\n<p>A Funda\u00e7\u00e3o Municipal de Sa\u00fade recebeu nesta semana, 03 c\u00e2maras de refrigera\u00e7\u00e3o para conserva\u00e7\u00e3o de vacinas. As c\u00e2maras foram compradas pelo estado do Rio Grande do Sul e distribu\u00eddas para os munic\u00edpios menores de 100 mil habitantes. Ao todo foram 310 unidades para 194 munic\u00edpios. As 03 recebidas em Santa Rosa ser\u00e3o distribu\u00eddas para as Unidades B\u00e1sicas de Sa\u00fade.<br>\nPara o presidente da FUMSSAR D\u00e9lcio Stefan, a chegada dessas 03 c\u00e2maras de conserva\u00e7\u00e3o vem para agregar mais efici\u00eancia no processo de vacina\u00e7\u00e3o, \u201cA entrega das c\u00e2maras representa a garantia de um armazenamento mais adequado e vem qualificar ainda mais o trabalho na sa\u00fade e a certeza de que nenhuma dose ser\u00e1 perdida\u201d. As c\u00e2maras frias s\u00e3o destinadas para a conserva\u00e7\u00e3o de vacinas e medicamentos. Fazem parte da Rede de Frio do Plano Nacional de Imuniza\u00e7\u00f5es (PNI), que agora, com a substitui\u00e7\u00e3o das geladeiras dom\u00e9sticas por c\u00e2maras de conserva\u00e7\u00e3o, ganha mais qualifica\u00e7\u00e3o.<\/p>\n","protected":false},"excerpt":{"rendered":"<p>A Funda\u00e7\u00e3o Municipal de Sa\u00fade recebeu nesta semana, 03 c\u00e2maras de refrigera\u00e7\u00e3o para conserva\u00e7\u00e3o de&#8230;<\/p>\n","protected":false},"author":36,"featured_media":17111,"comment_status":"closed","ping_status":"closed","sticky":false,"template":"","format":"standard","meta":{"footnotes":""},"categories":[2],"tags":[],"_links":{"self":[{"href":"https:\/\/www.fumssar.com.br\/index.php?rest_route=\/wp\/v2\/posts\/17110"}],"collection":[{"href":"https:\/\/www.fumssar.com.br\/index.php?rest_route=\/wp\/v2\/posts"}],"about":[{"href":"https:\/\/www.fumssar.com.br\/index.php?rest_route=\/wp\/v2\/types\/post"}],"author":[{"embeddable":true,"href":"https:\/\/www.fumssar.com.br\/index.php?rest_route=\/wp\/v2\/users\/36"}],"replies":[{"embeddable":true,"href":"https:\/\/www.fumssar.com.br\/index.php?rest_route=%2Fwp%2Fv2%2Fcomments&post=17110"}],"version-history":[{"count":2,"href":"https:\/\/www.fumssar.com.br\/index.php?rest_route=\/wp\/v2\/posts\/17110\/revisions"}],"predecessor-version":[{"id":17183,"href":"https:\/\/www.fumssar.com.br\/index.php?rest_route=\/wp\/v2\/posts\/17110\/revisions\/17183"}],"wp:featuredmedia":[{"embeddable":true,"href":"https:\/\/www.fumssar.com.br\/index.php?rest_route=\/wp\/v2\/media\/17111"}],"wp:attachment":[{"href":"https:\/\/www.fumssar.com.br\/index.php?rest_route=%2Fwp%2Fv2%2Fmedia&parent=17110"}],"wp:term":[{"taxonomy":"category","embeddable":true,"href":"https:\/\/www.fumssar.com.br\/index.php?rest_route=%2Fwp%2Fv2%2Fcategories&post=17110"},{"taxonomy":"post_tag","embeddable":true,"href":"https:\/\/www.fumssar.com.br\/index.php?rest_route=%2Fwp%2Fv2%2Ftags&post=17110"}],"curies":[{"name":"wp","href":"https:\/\/api.w.org\/{rel}","templated":true}]}}