{"id":1711,"date":"2014-05-16T20:33:52","date_gmt":"2014-05-16T20:33:52","guid":{"rendered":"http:\/\/www.fumssar.com.br\/?p=1711"},"modified":"2024-10-07T16:36:19","modified_gmt":"2024-10-07T19:36:19","slug":"conferencia-em-saude-do-trabalhador-atraiu-grande-publico-para-santa-rosa","status":"publish","type":"post","link":"https:\/\/www.fumssar.com.br\/?p=1711","title":{"rendered":"Confer\u00eancia em Sa\u00fade do Trabalhador atraiu grande p\u00fablico para Santa Rosa"},"content":{"rendered":"<p><a href=\"http:\/\/www.fumssar.com.br\/wp-content\/uploads\/2014\/05\/DSCN7080.jpg\"><img loading=\"lazy\" decoding=\"async\" src=\"http:\/\/www.fumssar.com.br\/wp-content\/uploads\/2014\/05\/DSCN7080-300x225.jpg\" alt=\"DSCN7080\" width=\"300\" height=\"225\" class=\"alignnone size-medium wp-image-1713\" srcset=\"https:\/\/www.fumssar.com.br\/wp-content\/uploads\/2014\/05\/DSCN7080-300x225.jpg 300w, https:\/\/www.fumssar.com.br\/wp-content\/uploads\/2014\/05\/DSCN7080.jpg 640w\" sizes=\"(max-width: 300px) 100vw, 300px\" \/><\/a>\tEst\u00e1 sendo realizada sexta e s\u00e1bado em Santa Rosa a Confer\u00eancia Macrorregional em Sa\u00fade do Trabalhador e da Trabalhadora. O evento que serve de prepara\u00e7\u00e3o para A Confer\u00eancia Estadual em Sa\u00fade do trabalhador re\u00fane mais de quatrocentos participantes oriundos de diversos munic\u00edpios das regi\u00f5es Celeiro, Miss\u00f5es e Grande Santa Rosa que  fazem parte de quatro Coordenadorias de Sa\u00fade abrangendo mais de oitenta Munic\u00edpios. A Confer\u00eancia \u00e9 de responsabilidade do Conselho Estadual de Sa\u00fade e em Santa Rosa foi organizado pelo Conselho Municipal de Sa\u00fade, pelo Centro regional de sa\u00fade do Trabalhador \u2013CEREST e pela Funda\u00e7\u00e3o Municipal de Sa\u00fade FUMSSAR.  Autoridades, lideran\u00e7as locais e regionais prestigiaram a abertura do e evento na manh\u00e3 desta sexta-feira (16) A Presidente da Confer\u00eancia em Santa Rosa Zeli Gallo em seu pronunciamento de abertura destacou a import\u00e2ncia do evento onde ser\u00e3o tiradas propostas para a Confer\u00eancia Estadual que ser\u00e1 realizada em junho pr\u00f3ximo. Para o Coordenador Geral da Confer\u00eancia Estadual, Sr. Cl\u00e1udio Augustin  estes eventos servem para fomentar a import\u00e2ncia dos investimentos que devem ser aplicados em sa\u00fade do trabalhador. Representando a Secretaria Estadual da Sa\u00fade Dr. Marcos Lobato, que destacou  grandeza do evento ressaltando os investimentos do Governo do Estado em sa\u00fade do trabalhador.<br \/>\n\tPara o presidente da Funda\u00e7\u00e3o Municipal de Sa\u00fade Dr.Luis Ant\u00f4nio Benvegn\u00fa ,a Confer\u00eancia serve de instrumento para tra\u00e7ar metas, e fortalecer ainda mais os investimentos  e as conquistas em sa\u00fade do trabalhador. Benvegn\u00fa  destacou a implanta\u00e7\u00e3o do CEREST em Santa Rosa que foi uma conquista para a regi\u00e3o, onde uma equipe multiprofissional atua com dedica\u00e7\u00e3o na \u00e1rea. Em seu pronunciamento o Prefeito de Santa Rosa Alcides Vicini disse que munic\u00edpio se sente muito feliz por sediar um evento t\u00e3o grandioso com um foco muito importante para a comunidade.<br \/>\n\tA Confer\u00eancia termina na tarde deste s\u00e1bado (17) e est\u00e1 sendo realizado no Audit\u00f3rio da UNIJU\u00cd<\/p>\n","protected":false},"excerpt":{"rendered":"<p>Est\u00e1 sendo realizada sexta e s\u00e1bado em Santa Rosa a Confer\u00eancia Macrorregional em Sa\u00fade do&#8230;<\/p>\n","protected":false},"author":11,"featured_media":1712,"comment_status":"open","ping_status":"open","sticky":false,"template":"","format":"standard","meta":{"footnotes":""},"categories":[2],"tags":[],"_links":{"self":[{"href":"https:\/\/www.fumssar.com.br\/index.php?rest_route=\/wp\/v2\/posts\/1711"}],"collection":[{"href":"https:\/\/www.fumssar.com.br\/index.php?rest_route=\/wp\/v2\/posts"}],"about":[{"href":"https:\/\/www.fumssar.com.br\/index.php?rest_route=\/wp\/v2\/types\/post"}],"author":[{"embeddable":true,"href":"https:\/\/www.fumssar.com.br\/index.php?rest_route=\/wp\/v2\/users\/11"}],"replies":[{"embeddable":true,"href":"https:\/\/www.fumssar.com.br\/index.php?rest_route=%2Fwp%2Fv2%2Fcomments&post=1711"}],"version-history":[{"count":1,"href":"https:\/\/www.fumssar.com.br\/index.php?rest_route=\/wp\/v2\/posts\/1711\/revisions"}],"predecessor-version":[{"id":1714,"href":"https:\/\/www.fumssar.com.br\/index.php?rest_route=\/wp\/v2\/posts\/1711\/revisions\/1714"}],"wp:featuredmedia":[{"embeddable":true,"href":"https:\/\/www.fumssar.com.br\/index.php?rest_route=\/wp\/v2\/media\/1712"}],"wp:attachment":[{"href":"https:\/\/www.fumssar.com.br\/index.php?rest_route=%2Fwp%2Fv2%2Fmedia&parent=1711"}],"wp:term":[{"taxonomy":"category","embeddable":true,"href":"https:\/\/www.fumssar.com.br\/index.php?rest_route=%2Fwp%2Fv2%2Fcategories&post=1711"},{"taxonomy":"post_tag","embeddable":true,"href":"https:\/\/www.fumssar.com.br\/index.php?rest_route=%2Fwp%2Fv2%2Ftags&post=1711"}],"curies":[{"name":"wp","href":"https:\/\/api.w.org\/{rel}","templated":true}]}}