{"id":17105,"date":"2021-05-18T17:45:39","date_gmt":"2021-05-18T20:45:39","guid":{"rendered":"http:\/\/www.fumssar.com.br\/?p=17105"},"modified":"2024-10-07T16:34:33","modified_gmt":"2024-10-07T19:34:33","slug":"18-de-maio-dia-nacional-da-luta-antimanicomial","status":"publish","type":"post","link":"https:\/\/www.fumssar.com.br\/?p=17105","title":{"rendered":"18 de Maio &#8211; Dia Nacional da Luta Antimanicomial"},"content":{"rendered":"\n<figure class=\"wp-block-image\"><img loading=\"lazy\" decoding=\"async\" width=\"766\" height=\"1024\" src=\"https:\/\/www.fumssar.com.br\/wp-content\/uploads\/2021\/05\/WhatsApp-Image-2021-05-18-at-11.34.30-1-766x1024.jpeg\" alt=\"\" class=\"wp-image-17106\" srcset=\"https:\/\/www.fumssar.com.br\/wp-content\/uploads\/2021\/05\/WhatsApp-Image-2021-05-18-at-11.34.30-1-766x1024.jpeg 766w, https:\/\/www.fumssar.com.br\/wp-content\/uploads\/2021\/05\/WhatsApp-Image-2021-05-18-at-11.34.30-1-225x300.jpeg 225w, https:\/\/www.fumssar.com.br\/wp-content\/uploads\/2021\/05\/WhatsApp-Image-2021-05-18-at-11.34.30-1-768x1026.jpeg 768w, https:\/\/www.fumssar.com.br\/wp-content\/uploads\/2021\/05\/WhatsApp-Image-2021-05-18-at-11.34.30-1.jpeg 958w\" sizes=\"(max-width: 766px) 100vw, 766px\" \/><figcaption>Mensagem entregue pelo CAPS II &#8211; Novo Rumo aos usu\u00e1rios<\/figcaption><\/figure>\n\n\n\n<p>A FUMSSAR e o CAPS II comemoram hoje, dia 18 de maio, o Dia Nacional da Luta Antimanicomial. Esse movimento reafirma a luta pela conquista dos direitos das pessoas em sofrimento mental. A data \u00e9 importante para refor\u00e7ar os direitos \u00e0 liberdade, ao conv\u00edvio social e ao tratamento dessas pessoas.<br>  O Movimento Antimanicomial faz lembrar que, como qualquer cidad\u00e3o, pessoas com transtornos mentais, t\u00eam o direito fundamental \u00e0 liberdade, o direito a viver em sociedade, al\u00e9m do direito a receber cuidado e tratamento, sem que para isto tenham que abrir m\u00e3o de seu lugar como cidad\u00e3os. A assistente social e Coordenadora do CAPS II \u2013 Novo Rumo, Mar\u00edlia Wilges comenta a import\u00e2ncia da data &#8220;Os servi\u00e7os de sa\u00fade mental devem ser reconhecidos como propulsores da Reforma Psiqui\u00e1trica. O CAPS tem suas a\u00e7\u00f5es baseadas na promo\u00e7\u00e3o da sa\u00fade, na valoriza\u00e7\u00e3o do sujeito e no tratamento, objetivando que a fam\u00edlia e a sociedade assumam seu papel na aten\u00e7\u00e3o e no apoio ao indiv\u00edduo com sofrimento ps\u00edquico, com \u00eanfase na recupera\u00e7\u00e3o da sua cidadania. <br>     Todos os anos, o CAPS II realiza eventos para comemorar esta data, juntamente com seus usu\u00e1rios. Devido \u00e0 pandemia, esse ano foi necess\u00e1rio criar estrat\u00e9gias para celebrar esse dia t\u00e3o significativo para a sa\u00fade mental. Sendo assim, os profissionais do CAPS II &#8211; Novo Rumo levaram at\u00e9 seus usu\u00e1rios, atrav\u00e9s de visita domiciliar, uma mensagem lembrando a import\u00e2ncia dessa data na vida dessas pessoas.<br>     O CAPS II \u2013 Novo Rumo atende todo o mun\u00edcipio de Santa Rosa. O hor\u00e1rio de atendimento \u00e9 das 08h00 \u00e0s 18h00 sem fechar ao meio-dia de segunda a sexta-feira. O Centro fica localizado na Av. Santa Cruz, 33, Centro, Santa Rosa.<\/p>\n","protected":false},"excerpt":{"rendered":"<p>A FUMSSAR e o CAPS II comemoram hoje, dia 18 de maio, o Dia Nacional&#8230;<\/p>\n","protected":false},"author":36,"featured_media":17106,"comment_status":"closed","ping_status":"closed","sticky":false,"template":"","format":"standard","meta":{"footnotes":""},"categories":[2],"tags":[],"_links":{"self":[{"href":"https:\/\/www.fumssar.com.br\/index.php?rest_route=\/wp\/v2\/posts\/17105"}],"collection":[{"href":"https:\/\/www.fumssar.com.br\/index.php?rest_route=\/wp\/v2\/posts"}],"about":[{"href":"https:\/\/www.fumssar.com.br\/index.php?rest_route=\/wp\/v2\/types\/post"}],"author":[{"embeddable":true,"href":"https:\/\/www.fumssar.com.br\/index.php?rest_route=\/wp\/v2\/users\/36"}],"replies":[{"embeddable":true,"href":"https:\/\/www.fumssar.com.br\/index.php?rest_route=%2Fwp%2Fv2%2Fcomments&post=17105"}],"version-history":[{"count":3,"href":"https:\/\/www.fumssar.com.br\/index.php?rest_route=\/wp\/v2\/posts\/17105\/revisions"}],"predecessor-version":[{"id":17109,"href":"https:\/\/www.fumssar.com.br\/index.php?rest_route=\/wp\/v2\/posts\/17105\/revisions\/17109"}],"wp:featuredmedia":[{"embeddable":true,"href":"https:\/\/www.fumssar.com.br\/index.php?rest_route=\/wp\/v2\/media\/17106"}],"wp:attachment":[{"href":"https:\/\/www.fumssar.com.br\/index.php?rest_route=%2Fwp%2Fv2%2Fmedia&parent=17105"}],"wp:term":[{"taxonomy":"category","embeddable":true,"href":"https:\/\/www.fumssar.com.br\/index.php?rest_route=%2Fwp%2Fv2%2Fcategories&post=17105"},{"taxonomy":"post_tag","embeddable":true,"href":"https:\/\/www.fumssar.com.br\/index.php?rest_route=%2Fwp%2Fv2%2Ftags&post=17105"}],"curies":[{"name":"wp","href":"https:\/\/api.w.org\/{rel}","templated":true}]}}