{"id":17094,"date":"2021-05-18T09:34:02","date_gmt":"2021-05-18T12:34:02","guid":{"rendered":"http:\/\/www.fumssar.com.br\/?p=17094"},"modified":"2024-10-07T16:34:34","modified_gmt":"2024-10-07T19:34:34","slug":"novos-grupos-prioritarios-comecam-a-ser-vacinados-contra-covid-19-em-santa-rosa","status":"publish","type":"post","link":"https:\/\/www.fumssar.com.br\/?p=17094","title":{"rendered":"Novos grupos priorit\u00e1rios come\u00e7am a ser vacinados contra COVID-19 em Santa Rosa"},"content":{"rendered":"\n<figure class=\"wp-block-image\"><img loading=\"lazy\" decoding=\"async\" width=\"1024\" height=\"1024\" src=\"https:\/\/www.fumssar.com.br\/wp-content\/uploads\/2021\/05\/G-P-01-1024x1024.png\" alt=\"\" class=\"wp-image-17095\" srcset=\"https:\/\/www.fumssar.com.br\/wp-content\/uploads\/2021\/05\/G-P-01-1024x1024.png 1024w, https:\/\/www.fumssar.com.br\/wp-content\/uploads\/2021\/05\/G-P-01-150x150.png 150w, https:\/\/www.fumssar.com.br\/wp-content\/uploads\/2021\/05\/G-P-01-300x300.png 300w, https:\/\/www.fumssar.com.br\/wp-content\/uploads\/2021\/05\/G-P-01-768x768.png 768w, https:\/\/www.fumssar.com.br\/wp-content\/uploads\/2021\/05\/G-P-01.png 1080w\" sizes=\"(max-width: 1024px) 100vw, 1024px\" \/><figcaption>Continua abaixo&#8230;<\/figcaption><\/figure>\n\n\n\n<figure class=\"wp-block-image\"><img loading=\"lazy\" decoding=\"async\" width=\"1024\" height=\"1024\" src=\"https:\/\/www.fumssar.com.br\/wp-content\/uploads\/2021\/05\/G-P-02-1024x1024.png\" alt=\"\" class=\"wp-image-17096\" srcset=\"https:\/\/www.fumssar.com.br\/wp-content\/uploads\/2021\/05\/G-P-02-1024x1024.png 1024w, https:\/\/www.fumssar.com.br\/wp-content\/uploads\/2021\/05\/G-P-02-150x150.png 150w, https:\/\/www.fumssar.com.br\/wp-content\/uploads\/2021\/05\/G-P-02-300x300.png 300w, https:\/\/www.fumssar.com.br\/wp-content\/uploads\/2021\/05\/G-P-02-768x768.png 768w, https:\/\/www.fumssar.com.br\/wp-content\/uploads\/2021\/05\/G-P-02.png 1080w\" sizes=\"(max-width: 1024px) 100vw, 1024px\" \/><\/figure>\n\n\n\n<p>Os novos grupos priorit\u00e1rios inclu\u00eddos no cronograma de vacina\u00e7\u00e3o contra a COVID-19, elencados pelo Plano Nacional de Operacionaliza\u00e7\u00e3o, come\u00e7ar\u00e3o a ser imunizados a partir de quarta-feira (19). <\/p>\n\n\n\n<p>A aplica\u00e7\u00e3o das doses ser\u00e1 feita em todas as Unidades B\u00e1sicas de Sa\u00fade. O atendimento ser\u00e1 mediante agendamento pr\u00e9vio por telefone ou presencial. Todos que forem se vacinar precisam levar documento com foto e se poss\u00edvel caderneta de vacina\u00e7\u00e3o. <\/p>\n\n\n\n<p>D\u00favidas e Informa\u00e7\u00f5es: vacinacovid@fumssar.com.br<\/p>\n","protected":false},"excerpt":{"rendered":"<p>Os novos grupos priorit\u00e1rios inclu\u00eddos no cronograma de vacina\u00e7\u00e3o contra a COVID-19, elencados pelo Plano&#8230;<\/p>\n","protected":false},"author":36,"featured_media":17096,"comment_status":"closed","ping_status":"closed","sticky":false,"template":"","format":"standard","meta":{"footnotes":""},"categories":[152,2],"tags":[],"_links":{"self":[{"href":"https:\/\/www.fumssar.com.br\/index.php?rest_route=\/wp\/v2\/posts\/17094"}],"collection":[{"href":"https:\/\/www.fumssar.com.br\/index.php?rest_route=\/wp\/v2\/posts"}],"about":[{"href":"https:\/\/www.fumssar.com.br\/index.php?rest_route=\/wp\/v2\/types\/post"}],"author":[{"embeddable":true,"href":"https:\/\/www.fumssar.com.br\/index.php?rest_route=\/wp\/v2\/users\/36"}],"replies":[{"embeddable":true,"href":"https:\/\/www.fumssar.com.br\/index.php?rest_route=%2Fwp%2Fv2%2Fcomments&post=17094"}],"version-history":[{"count":1,"href":"https:\/\/www.fumssar.com.br\/index.php?rest_route=\/wp\/v2\/posts\/17094\/revisions"}],"predecessor-version":[{"id":17097,"href":"https:\/\/www.fumssar.com.br\/index.php?rest_route=\/wp\/v2\/posts\/17094\/revisions\/17097"}],"wp:featuredmedia":[{"embeddable":true,"href":"https:\/\/www.fumssar.com.br\/index.php?rest_route=\/wp\/v2\/media\/17096"}],"wp:attachment":[{"href":"https:\/\/www.fumssar.com.br\/index.php?rest_route=%2Fwp%2Fv2%2Fmedia&parent=17094"}],"wp:term":[{"taxonomy":"category","embeddable":true,"href":"https:\/\/www.fumssar.com.br\/index.php?rest_route=%2Fwp%2Fv2%2Fcategories&post=17094"},{"taxonomy":"post_tag","embeddable":true,"href":"https:\/\/www.fumssar.com.br\/index.php?rest_route=%2Fwp%2Fv2%2Ftags&post=17094"}],"curies":[{"name":"wp","href":"https:\/\/api.w.org\/{rel}","templated":true}]}}