{"id":17066,"date":"2021-05-14T14:30:53","date_gmt":"2021-05-14T17:30:53","guid":{"rendered":"http:\/\/www.fumssar.com.br\/?p=17066"},"modified":"2024-10-07T16:34:34","modified_gmt":"2024-10-07T19:34:34","slug":"nova-faixa-etaria-para-vacinacao-contra-a-covid-19-2","status":"publish","type":"post","link":"https:\/\/www.fumssar.com.br\/?p=17066","title":{"rendered":"Nova faixa et\u00e1ria para vacina\u00e7\u00e3o contra a COVID-19"},"content":{"rendered":"\n<figure class=\"wp-block-image\"><img loading=\"lazy\" decoding=\"async\" width=\"940\" height=\"788\" src=\"http:\/\/www.fumssar.com.br\/wp-content\/uploads\/2021\/05\/WhatsApp-Image-2021-05-14-at-13.36.13.jpeg\" alt=\"\" class=\"wp-image-17068\" srcset=\"https:\/\/www.fumssar.com.br\/wp-content\/uploads\/2021\/05\/WhatsApp-Image-2021-05-14-at-13.36.13.jpeg 940w, https:\/\/www.fumssar.com.br\/wp-content\/uploads\/2021\/05\/WhatsApp-Image-2021-05-14-at-13.36.13-300x251.jpeg 300w, https:\/\/www.fumssar.com.br\/wp-content\/uploads\/2021\/05\/WhatsApp-Image-2021-05-14-at-13.36.13-768x644.jpeg 768w\" sizes=\"(max-width: 940px) 100vw, 940px\" \/><\/figure>\n\n\n\n<p>A partir desta sexta-feira (14), ser\u00e1 ampliada a vacina\u00e7\u00e3o. Ser\u00e3o vacinadas pessoas com 18 anos ou mais que possuem as comorbidades elencadas pelo Minist\u00e9rio da Sa\u00fade. Nesta faixa et\u00e1ria, tamb\u00e9m ser\u00e3o contemplados com a vacina\u00e7\u00e3o, os Portadores de defici\u00eancia cadastrados no plano Benef\u00edcio de Presta\u00e7\u00e3o Continuada (BPC) e pessoas com S\u00edndrome de Down.<br>\nA aplica\u00e7\u00e3o das doses ser\u00e1 feita em todas as Unidades B\u00e1sicas de Sa\u00fade. O atendimento ser\u00e1 mediante agendamento pr\u00e9vio por telefone ou presencial. Todos que forem se vacinar precisam levar documento com foto e se poss\u00edvel caderneta de vacina\u00e7\u00e3o. Pacientes que habitualmente consultam na UBS n\u00e3o necessitam de atestado. Os demais devem apresentar atestado m\u00e9dico que comprove a comorbidade inclu\u00edda nos grupos priorit\u00e1rios da vacina\u00e7\u00e3o contra a COVID-19.<br>\nEst\u00e1 previsto para hoje \u00e0 noite, a chegada de 1580 novas doses em Santa Rosa. Deste total, 780 s\u00e3o da CoronaVac e est\u00e3o destinadas para os idosos que est\u00e3o com a segunda dose atrasada h\u00e1 mais tempo. As outras 800 doses s\u00e3o da AstraZeneca e tamb\u00e9m ser\u00e3o destinadas para a 2\u00aa dose daquelas pessoas que j\u00e1 receberam a primeira dose da vacina. Este quantitativo ser\u00e1 igualmente distribu\u00eddo entre todas as Unidades B\u00e1sicas de Sa\u00fade, que estar\u00e3o contatando os usu\u00e1rios para irem at\u00e9 a unidade receber a 2\u00aa dose.<\/p>\n\n\n\n<p>D\u00favidas e Informa\u00e7\u00f5es: vacinacovid@fumssar.com.br<\/p>\n\n\n\n<ul><li>Importante: Pessoas que se vacinaram contra a Influenza (GRIPE) precisam aguardar o prazo de 14 dias para poder receber a vacina contra a COVID-19<\/li><\/ul>\n\n\n\n<figure class=\"wp-block-image\"><img loading=\"lazy\" decoding=\"async\" width=\"730\" height=\"1024\" src=\"http:\/\/www.fumssar.com.br\/wp-content\/uploads\/2021\/05\/WhatsApp-Image-2021-05-14-at-13.36.22-1-730x1024.jpeg\" alt=\"\" class=\"wp-image-17069\" srcset=\"https:\/\/www.fumssar.com.br\/wp-content\/uploads\/2021\/05\/WhatsApp-Image-2021-05-14-at-13.36.22-1-730x1024.jpeg 730w, https:\/\/www.fumssar.com.br\/wp-content\/uploads\/2021\/05\/WhatsApp-Image-2021-05-14-at-13.36.22-1-214x300.jpeg 214w, https:\/\/www.fumssar.com.br\/wp-content\/uploads\/2021\/05\/WhatsApp-Image-2021-05-14-at-13.36.22-1-768x1077.jpeg 768w, https:\/\/www.fumssar.com.br\/wp-content\/uploads\/2021\/05\/WhatsApp-Image-2021-05-14-at-13.36.22-1.jpeg 913w\" sizes=\"(max-width: 730px) 100vw, 730px\" \/><figcaption> Comorbidades elencadas pelo Minist\u00e9rio da Sa\u00fade<\/figcaption><\/figure>\n","protected":false},"excerpt":{"rendered":"<p>A partir desta sexta-feira (14), ser\u00e1 ampliada a vacina\u00e7\u00e3o. Ser\u00e3o vacinadas pessoas com 18 anos&#8230;<\/p>\n","protected":false},"author":36,"featured_media":17069,"comment_status":"closed","ping_status":"closed","sticky":false,"template":"","format":"standard","meta":{"footnotes":""},"categories":[152,2],"tags":[],"_links":{"self":[{"href":"https:\/\/www.fumssar.com.br\/index.php?rest_route=\/wp\/v2\/posts\/17066"}],"collection":[{"href":"https:\/\/www.fumssar.com.br\/index.php?rest_route=\/wp\/v2\/posts"}],"about":[{"href":"https:\/\/www.fumssar.com.br\/index.php?rest_route=\/wp\/v2\/types\/post"}],"author":[{"embeddable":true,"href":"https:\/\/www.fumssar.com.br\/index.php?rest_route=\/wp\/v2\/users\/36"}],"replies":[{"embeddable":true,"href":"https:\/\/www.fumssar.com.br\/index.php?rest_route=%2Fwp%2Fv2%2Fcomments&post=17066"}],"version-history":[{"count":1,"href":"https:\/\/www.fumssar.com.br\/index.php?rest_route=\/wp\/v2\/posts\/17066\/revisions"}],"predecessor-version":[{"id":17070,"href":"https:\/\/www.fumssar.com.br\/index.php?rest_route=\/wp\/v2\/posts\/17066\/revisions\/17070"}],"wp:featuredmedia":[{"embeddable":true,"href":"https:\/\/www.fumssar.com.br\/index.php?rest_route=\/wp\/v2\/media\/17069"}],"wp:attachment":[{"href":"https:\/\/www.fumssar.com.br\/index.php?rest_route=%2Fwp%2Fv2%2Fmedia&parent=17066"}],"wp:term":[{"taxonomy":"category","embeddable":true,"href":"https:\/\/www.fumssar.com.br\/index.php?rest_route=%2Fwp%2Fv2%2Fcategories&post=17066"},{"taxonomy":"post_tag","embeddable":true,"href":"https:\/\/www.fumssar.com.br\/index.php?rest_route=%2Fwp%2Fv2%2Ftags&post=17066"}],"curies":[{"name":"wp","href":"https:\/\/api.w.org\/{rel}","templated":true}]}}