{"id":17052,"date":"2021-05-12T14:43:04","date_gmt":"2021-05-12T17:43:04","guid":{"rendered":"http:\/\/www.fumssar.com.br\/?p=17052"},"modified":"2024-10-07T16:34:34","modified_gmt":"2024-10-07T19:34:34","slug":"nova-faixa-etaria-para-vacinacao-contra-a-covid-19","status":"publish","type":"post","link":"https:\/\/www.fumssar.com.br\/?p=17052","title":{"rendered":"Nova faixa et\u00e1ria para vacina\u00e7\u00e3o contra a COVID-19"},"content":{"rendered":"\n<p>A partir desta quarta-feira(12), ser\u00e1 ampliada a vacina\u00e7\u00e3o. Ser\u00e3o vacinadas pessoas com 30 anos ou mais que possuem as comorbidades elencadas pelo Minist\u00e9rio da Sa\u00fade. Nesta faixa et\u00e1ria, tamb\u00e9m ser\u00e3o contemplados com a vacina\u00e7\u00e3o, os Portadores de defici\u00eancia cadastrados no plano Benef\u00edcio de Presta\u00e7\u00e3o Continuada (BPC). Para pessoas com S\u00edndrome de Down, a faixa et\u00e1ria \u00e9 a partir de 18 anos.<br>\nA aplica\u00e7\u00e3o das doses ser\u00e1 feita em todas as Unidades B\u00e1sicas de Sa\u00fade. O atendimento ser\u00e1 mediante agendamento pr\u00e9vio por telefone ou presencial. Todos que forem se vacinar precisam levar documento com foto e se poss\u00edvel caderneta de vacina\u00e7\u00e3o. Pacientes que habitualmente consultam na UBS n\u00e3o necessitam de atestado. Os demais devem apresentar atestado m\u00e9dico que comprove a comorbidade inclu\u00edda nos grupos priorit\u00e1rios da vacina\u00e7\u00e3o contra a COVID-19.<\/p>\n\n\n\n<p>D\u00favidas e Informa\u00e7\u00f5es: vacinacovid@fumssar.com.br<\/p>\n\n\n\n<ul><li>Importante: Pessoas que se vacinaram contra a Influenza (GRIPE) precisam aguardar o prazo de 14 dias para poder receber a vacina contra a COVID-19<\/li><\/ul>\n\n\n\n<figure class=\"wp-block-image\"><img loading=\"lazy\" decoding=\"async\" width=\"576\" height=\"1024\" src=\"https:\/\/www.fumssar.com.br\/wp-content\/uploads\/2021\/05\/Vacina-02-2-576x1024.png\" alt=\"\" class=\"wp-image-17055\" srcset=\"https:\/\/www.fumssar.com.br\/wp-content\/uploads\/2021\/05\/Vacina-02-2-576x1024.png 576w, https:\/\/www.fumssar.com.br\/wp-content\/uploads\/2021\/05\/Vacina-02-2-169x300.png 169w, https:\/\/www.fumssar.com.br\/wp-content\/uploads\/2021\/05\/Vacina-02-2-768x1365.png 768w, https:\/\/www.fumssar.com.br\/wp-content\/uploads\/2021\/05\/Vacina-02-2-1024x1820.png 1024w, https:\/\/www.fumssar.com.br\/wp-content\/uploads\/2021\/05\/Vacina-02-2.png 1080w\" sizes=\"(max-width: 576px) 100vw, 576px\" \/><\/figure>\n","protected":false},"excerpt":{"rendered":"<p>A partir desta quarta-feira(12), ser\u00e1 ampliada a vacina\u00e7\u00e3o. Ser\u00e3o vacinadas pessoas com 30 anos ou&#8230;<\/p>\n","protected":false},"author":36,"featured_media":16982,"comment_status":"closed","ping_status":"closed","sticky":false,"template":"","format":"standard","meta":{"footnotes":""},"categories":[152,2],"tags":[],"_links":{"self":[{"href":"https:\/\/www.fumssar.com.br\/index.php?rest_route=\/wp\/v2\/posts\/17052"}],"collection":[{"href":"https:\/\/www.fumssar.com.br\/index.php?rest_route=\/wp\/v2\/posts"}],"about":[{"href":"https:\/\/www.fumssar.com.br\/index.php?rest_route=\/wp\/v2\/types\/post"}],"author":[{"embeddable":true,"href":"https:\/\/www.fumssar.com.br\/index.php?rest_route=\/wp\/v2\/users\/36"}],"replies":[{"embeddable":true,"href":"https:\/\/www.fumssar.com.br\/index.php?rest_route=%2Fwp%2Fv2%2Fcomments&post=17052"}],"version-history":[{"count":2,"href":"https:\/\/www.fumssar.com.br\/index.php?rest_route=\/wp\/v2\/posts\/17052\/revisions"}],"predecessor-version":[{"id":17056,"href":"https:\/\/www.fumssar.com.br\/index.php?rest_route=\/wp\/v2\/posts\/17052\/revisions\/17056"}],"wp:featuredmedia":[{"embeddable":true,"href":"https:\/\/www.fumssar.com.br\/index.php?rest_route=\/wp\/v2\/media\/16982"}],"wp:attachment":[{"href":"https:\/\/www.fumssar.com.br\/index.php?rest_route=%2Fwp%2Fv2%2Fmedia&parent=17052"}],"wp:term":[{"taxonomy":"category","embeddable":true,"href":"https:\/\/www.fumssar.com.br\/index.php?rest_route=%2Fwp%2Fv2%2Fcategories&post=17052"},{"taxonomy":"post_tag","embeddable":true,"href":"https:\/\/www.fumssar.com.br\/index.php?rest_route=%2Fwp%2Fv2%2Ftags&post=17052"}],"curies":[{"name":"wp","href":"https:\/\/api.w.org\/{rel}","templated":true}]}}