{"id":17027,"date":"2021-05-10T16:31:52","date_gmt":"2021-05-10T19:31:52","guid":{"rendered":"http:\/\/www.fumssar.com.br\/?p=17027"},"modified":"2024-10-07T16:34:34","modified_gmt":"2024-10-07T19:34:34","slug":"segunda-etapa-de-vacinacao-contra-gripe-comeca-amanha","status":"publish","type":"post","link":"https:\/\/www.fumssar.com.br\/?p=17027","title":{"rendered":"Segunda etapa de vacina\u00e7\u00e3o contra gripe come\u00e7a amanh\u00e3"},"content":{"rendered":"\n<figure class=\"wp-block-image\"><img loading=\"lazy\" decoding=\"async\" width=\"1024\" height=\"1024\" src=\"https:\/\/www.fumssar.com.br\/wp-content\/uploads\/2021\/05\/Gripe-Fase-2-1024x1024.png\" alt=\"\" class=\"wp-image-17028\" srcset=\"https:\/\/www.fumssar.com.br\/wp-content\/uploads\/2021\/05\/Gripe-Fase-2-1024x1024.png 1024w, https:\/\/www.fumssar.com.br\/wp-content\/uploads\/2021\/05\/Gripe-Fase-2-150x150.png 150w, https:\/\/www.fumssar.com.br\/wp-content\/uploads\/2021\/05\/Gripe-Fase-2-300x300.png 300w, https:\/\/www.fumssar.com.br\/wp-content\/uploads\/2021\/05\/Gripe-Fase-2-768x768.png 768w, https:\/\/www.fumssar.com.br\/wp-content\/uploads\/2021\/05\/Gripe-Fase-2.png 1080w\" sizes=\"(max-width: 1024px) 100vw, 1024px\" \/><\/figure>\n\n\n\n<p>A segunda etapa da Campanha Nacional de Vacina\u00e7\u00e3o contra o v\u00edrus Influenza come\u00e7a amanh\u00e3, dia 11\/05 e vai at\u00e9 o dia 08 de junho. <br>\nEsta fase \u00e9 destinada a idosos com mais de 60 anos e professores (que estiverem atuando em sala de aula). A aplica\u00e7\u00e3o das doses ser\u00e1 feita em todas as Unidades B\u00e1sicas de Sa\u00fade. Todos que forem se vacinar precisam levar documento com foto e se poss\u00edvel caderneta de vacina\u00e7\u00e3o. Professores precisam apresentar tamb\u00e9m comprovante de v\u00ednculo empregat\u00edcio.<br>\nA terceira fase, que ocorrer\u00e1 entre 09 de junho at\u00e9 09 de julho, ter\u00e1 como p\u00fablico-alvo, integrantes das For\u00e7as Armadas, de seguran\u00e7a e de salvamento, pessoas com comorbidades, condi\u00e7\u00f5es cl\u00ednicas especiais ou com defici\u00eancia permanente, caminhoneiros, trabalhadores de transporte coletivo rodovi\u00e1rio, trabalhadores portu\u00e1rios, funcion\u00e1rios do sistema prisional e popula\u00e7\u00e3o privada de liberdade.<\/p>\n","protected":false},"excerpt":{"rendered":"<p>A segunda etapa da Campanha Nacional de Vacina\u00e7\u00e3o contra o v\u00edrus Influenza come\u00e7a amanh\u00e3, dia&#8230;<\/p>\n","protected":false},"author":36,"featured_media":17028,"comment_status":"closed","ping_status":"closed","sticky":false,"template":"","format":"standard","meta":{"footnotes":""},"categories":[2],"tags":[],"_links":{"self":[{"href":"https:\/\/www.fumssar.com.br\/index.php?rest_route=\/wp\/v2\/posts\/17027"}],"collection":[{"href":"https:\/\/www.fumssar.com.br\/index.php?rest_route=\/wp\/v2\/posts"}],"about":[{"href":"https:\/\/www.fumssar.com.br\/index.php?rest_route=\/wp\/v2\/types\/post"}],"author":[{"embeddable":true,"href":"https:\/\/www.fumssar.com.br\/index.php?rest_route=\/wp\/v2\/users\/36"}],"replies":[{"embeddable":true,"href":"https:\/\/www.fumssar.com.br\/index.php?rest_route=%2Fwp%2Fv2%2Fcomments&post=17027"}],"version-history":[{"count":1,"href":"https:\/\/www.fumssar.com.br\/index.php?rest_route=\/wp\/v2\/posts\/17027\/revisions"}],"predecessor-version":[{"id":17029,"href":"https:\/\/www.fumssar.com.br\/index.php?rest_route=\/wp\/v2\/posts\/17027\/revisions\/17029"}],"wp:featuredmedia":[{"embeddable":true,"href":"https:\/\/www.fumssar.com.br\/index.php?rest_route=\/wp\/v2\/media\/17028"}],"wp:attachment":[{"href":"https:\/\/www.fumssar.com.br\/index.php?rest_route=%2Fwp%2Fv2%2Fmedia&parent=17027"}],"wp:term":[{"taxonomy":"category","embeddable":true,"href":"https:\/\/www.fumssar.com.br\/index.php?rest_route=%2Fwp%2Fv2%2Fcategories&post=17027"},{"taxonomy":"post_tag","embeddable":true,"href":"https:\/\/www.fumssar.com.br\/index.php?rest_route=%2Fwp%2Fv2%2Ftags&post=17027"}],"curies":[{"name":"wp","href":"https:\/\/api.w.org\/{rel}","templated":true}]}}