{"id":17019,"date":"2021-05-10T10:33:02","date_gmt":"2021-05-10T13:33:02","guid":{"rendered":"http:\/\/www.fumssar.com.br\/?p=17019"},"modified":"2024-10-07T16:34:34","modified_gmt":"2024-10-07T19:34:34","slug":"fumssar-oferece-praticas-integrativas-e-complementares","status":"publish","type":"post","link":"https:\/\/www.fumssar.com.br\/?p=17019","title":{"rendered":"FUMSSAR oferece Pr\u00e1ticas Integrativas e Complementares"},"content":{"rendered":"\n<figure class=\"wp-block-image\"><img loading=\"lazy\" decoding=\"async\" width=\"1024\" height=\"576\" src=\"https:\/\/www.fumssar.com.br\/wp-content\/uploads\/2021\/05\/WhatsApp-Image-2021-05-06-at-09.17.20-1024x576.jpeg\" alt=\"\" class=\"wp-image-17020\" srcset=\"https:\/\/www.fumssar.com.br\/wp-content\/uploads\/2021\/05\/WhatsApp-Image-2021-05-06-at-09.17.20-1024x576.jpeg 1024w, https:\/\/www.fumssar.com.br\/wp-content\/uploads\/2021\/05\/WhatsApp-Image-2021-05-06-at-09.17.20-300x169.jpeg 300w, https:\/\/www.fumssar.com.br\/wp-content\/uploads\/2021\/05\/WhatsApp-Image-2021-05-06-at-09.17.20-768x432.jpeg 768w, https:\/\/www.fumssar.com.br\/wp-content\/uploads\/2021\/05\/WhatsApp-Image-2021-05-06-at-09.17.20.jpeg 1152w\" sizes=\"(max-width: 1024px) 100vw, 1024px\" \/><figcaption> Fisioterapeuta e paciente realizando a Pr\u00e1tica do Pilates de Bola <\/figcaption><\/figure>\n\n\n\n<p>A Funda\u00e7\u00e3o Municipal de Sa\u00fade de Santa Rosa oferece gratuitamente para a popula\u00e7\u00e3o o servi\u00e7o de Pr\u00e1ticas Integrativas e Complementares. Esse foi um projeto encaminhado pelo prefeito quando era presidente da FUMSSAR. As PICS s\u00e3o tratamentos que utilizam recursos terap\u00eauticos baseados na medicina tradicional. O objetivo \u00e9 prevenir diversas doen\u00e7as como depress\u00e3o e hipertens\u00e3o. Elas focam tamb\u00e9m na recupera\u00e7\u00e3o da sa\u00fade, com \u00eanfase na escuta acolhedora, no desenvolvimento do v\u00ednculo terap\u00eautico e na integra\u00e7\u00e3o do ser humano com o meio ambiente e a sociedade. <br> Em 2018, a Gest\u00e3o de Sa\u00fade de Santa Rosa come\u00e7ou a pensar em como trazer esta habilita\u00e7\u00e3o para o nosso munic\u00edpio. O atual prefeito Anderson Mantei, na \u00e9poca, presidente da FUMSSAR, junto com D\u00e9lcio Stefan que era diretor da rede complementar e a psic\u00f3loga Fl\u00e1via Albuquerque elaboraram o plano para o Centro de Pr\u00e1ticas Integrativas, \u201cBuscamos esse projeto, pois entendemos o quanto precisamos cuidar de forma complementar a sa\u00fade da nossa comunidade. J\u00e1 temos um trabalho muito avan\u00e7ado em Santa Rosa, mas sempre podemos melhorar mais\u201d, destaca o prefeito.<br> O SUS oferece, de forma integral e gratuita, 29 procedimentos de Pr\u00e1ticas Integrativas e Complementares. Em Santa Rosa, o centro disponibiliza 11 e est\u00e1 em fase de implanta\u00e7\u00e3o de mais 04 at\u00e9 o final deste ano. As PICS ofertadas s\u00e3o: Homeopatia, Quiropraxia, Reiki, Cromoterapia, Osteopatia, Auricoloterapia, Pilates de Bola, Drenagem Linf\u00e1tica para Gestantes, Bandagem Terap\u00eautica, Dan\u00e7a Circular e Grupos de Alongamento e Refor\u00e7o Muscular. <br> Para o presidente D\u00e9lcio Stefan, o servi\u00e7o \u00e9 muito importante, \u201cEste espa\u00e7o mostra que a nossa preocupa\u00e7\u00e3o vai muito al\u00e9m do tratamento tradicional das doen\u00e7as, queremos oferecer para a popula\u00e7\u00e3o um local completo que estimule habilidades e o bem-estar dos nossos usu\u00e1rios\u201d. Al\u00e9m de serem usadas na preven\u00e7\u00e3o de algumas enfermidades, as PICS tamb\u00e9m podem servir como tratamentos paliativos em algumas doen\u00e7as cr\u00f4nicas.<br>  Todas essas modalidades s\u00e3o coordenadas por uma equipe multiprofissional que conforme suas especialidades orientam as sess\u00f5es. Participam: m\u00e9dica, fisioterapeutas, educadores f\u00edsicos e psic\u00f3loga. A fisioterapeuta Sabrina Pereira Zazycki que aplica algumas das pr\u00e1ticas, fala sobre o retorno positivo que tem recebido dos usu\u00e1rios, \u201cToda sess\u00e3o algu\u00e9m traz uma refer\u00eancia de melhora, procuramos ter grupos menores de 3 a 4 pessoas no m\u00e1ximo, pois assim, \u00e9 poss\u00edvel dar um atendimento personalizado para cada um, com toda a aten\u00e7\u00e3o necess\u00e1ria, respeitando tamb\u00e9m o corpo de cada paciente e suas limita\u00e7\u00f5es\u201d.<br> A porta de entrada para o Centro de Pr\u00e1ticas Integrativas e Complementares \u00e9 a Unidade B\u00e1sica de Sa\u00fade. O usu\u00e1rio do SUS vai at\u00e9 a UBS, \u00e9 atendido por um profissional de sa\u00fade que avalia se o paciente necessita de alguma destas pr\u00e1ticas, \u201cQuem est\u00e1 l\u00e1 na ponta, na UBS, tem a sensibilidade de perceber que o paciente necessita de um tratamento integral, nossa inten\u00e7\u00e3o \u00e9 promover uma nova cultura de cuidado, fortalecendo o v\u00ednculo terapeuta-paciente, o empoderamento do indiv\u00edduo e seu protagonismo no processo de cura\u201d, explica a psic\u00f3loga Fl\u00e1via Albuquerque.<br> Evid\u00eancias cient\u00edficas mostram os benef\u00edcios do tratamento integrado entre medicina convencional e pr\u00e1ticas integrativas e complementares. A merendeira Mari Janete Woiciechoski que atualmente pratica Pilates de Bola contou sua experi\u00eancia com esta PIC, \u201c\u00c9 um servi\u00e7o de \u00f3tima qualidade, eu cheguei aqui com dores 24 horas, hoje eu chego dizendo para a fisioterapeuta que eu n\u00e3o tenho dor, isso n\u00e3o tem pre\u00e7o que pague, pra mim foi de grande valia\u201d.  <br>As Pr\u00e1ticas Integrativas s\u00e3o complementares e n\u00e3o descartam o atendimento m\u00e9dico, os exames e os medicamentos. O Centro das PICS atende uma m\u00e9dia de 50 pacientes por m\u00eas e fica localizado junto ao CEREST e a Farm\u00e1cia Municipal da FUMSSAR. <br>As Pr\u00e1ticas Integrativas s\u00e3o complementares e n\u00e3o descartam o atendimento m\u00e9dico, os exames e os medicamentos. O Centro das PICS atende uma m\u00e9dia de 50 pacientes por m\u00eas e fica localizado junto ao CEREST e a Farm\u00e1cia Municipal da FUMSSAR.   <\/p>\n","protected":false},"excerpt":{"rendered":"<p>A Funda\u00e7\u00e3o Municipal de Sa\u00fade de Santa Rosa oferece gratuitamente para a popula\u00e7\u00e3o o servi\u00e7o&#8230;<\/p>\n","protected":false},"author":36,"featured_media":17020,"comment_status":"closed","ping_status":"closed","sticky":false,"template":"","format":"standard","meta":{"footnotes":""},"categories":[2],"tags":[],"_links":{"self":[{"href":"https:\/\/www.fumssar.com.br\/index.php?rest_route=\/wp\/v2\/posts\/17019"}],"collection":[{"href":"https:\/\/www.fumssar.com.br\/index.php?rest_route=\/wp\/v2\/posts"}],"about":[{"href":"https:\/\/www.fumssar.com.br\/index.php?rest_route=\/wp\/v2\/types\/post"}],"author":[{"embeddable":true,"href":"https:\/\/www.fumssar.com.br\/index.php?rest_route=\/wp\/v2\/users\/36"}],"replies":[{"embeddable":true,"href":"https:\/\/www.fumssar.com.br\/index.php?rest_route=%2Fwp%2Fv2%2Fcomments&post=17019"}],"version-history":[{"count":3,"href":"https:\/\/www.fumssar.com.br\/index.php?rest_route=\/wp\/v2\/posts\/17019\/revisions"}],"predecessor-version":[{"id":17024,"href":"https:\/\/www.fumssar.com.br\/index.php?rest_route=\/wp\/v2\/posts\/17019\/revisions\/17024"}],"wp:featuredmedia":[{"embeddable":true,"href":"https:\/\/www.fumssar.com.br\/index.php?rest_route=\/wp\/v2\/media\/17020"}],"wp:attachment":[{"href":"https:\/\/www.fumssar.com.br\/index.php?rest_route=%2Fwp%2Fv2%2Fmedia&parent=17019"}],"wp:term":[{"taxonomy":"category","embeddable":true,"href":"https:\/\/www.fumssar.com.br\/index.php?rest_route=%2Fwp%2Fv2%2Fcategories&post=17019"},{"taxonomy":"post_tag","embeddable":true,"href":"https:\/\/www.fumssar.com.br\/index.php?rest_route=%2Fwp%2Fv2%2Ftags&post=17019"}],"curies":[{"name":"wp","href":"https:\/\/api.w.org\/{rel}","templated":true}]}}