{"id":16981,"date":"2021-05-04T17:23:14","date_gmt":"2021-05-04T20:23:14","guid":{"rendered":"http:\/\/www.fumssar.com.br\/?p=16981"},"modified":"2024-10-07T16:34:34","modified_gmt":"2024-10-07T19:34:34","slug":"nova-faixa-etaria-para-vacinacao-contra-a-covid-19-de-pessoas-com-comorbidades","status":"publish","type":"post","link":"https:\/\/www.fumssar.com.br\/?p=16981","title":{"rendered":"Nova faixa et\u00e1ria para vacina\u00e7\u00e3o contra a COVID-19, de pessoas com comorbidades"},"content":{"rendered":"\n<figure class=\"wp-block-image\"><img loading=\"lazy\" decoding=\"async\" width=\"940\" height=\"788\" src=\"https:\/\/www.fumssar.com.br\/wp-content\/uploads\/2021\/05\/Foto-Post.png\" alt=\"\" class=\"wp-image-16982\" srcset=\"https:\/\/www.fumssar.com.br\/wp-content\/uploads\/2021\/05\/Foto-Post.png 940w, https:\/\/www.fumssar.com.br\/wp-content\/uploads\/2021\/05\/Foto-Post-300x251.png 300w, https:\/\/www.fumssar.com.br\/wp-content\/uploads\/2021\/05\/Foto-Post-768x644.png 768w\" sizes=\"(max-width: 940px) 100vw, 940px\" \/><\/figure>\n\n\n\n<p>A\npartir de amanh\u00e3, quarta-feira, dia 05\/05, ser\u00e1 ampliada a vacina\u00e7\u00e3o das\npessoas com comorbidades em Santa Rosa. Ser\u00e3o vacinadas pessoas com 40 anos ou\nmais que possuem as comorbidades elencadas pelo Minist\u00e9rio da Sa\u00fade. Nesta\nfaixa et\u00e1ria tamb\u00e9m ser\u00e3o contemplados com a vacina\u00e7\u00e3o, os Portadores de\ndefici\u00eancia cadastrados no plano Beneficio de Presta\u00e7\u00e3o Continuada (BPC).<\/p>\n\n\n\n<p>&#8211;\nPessoas com S\u00edndrome de Down \u2013 a partir de 18 anos<\/p>\n\n\n\n<p>&#8211;\nGestantes e mulheres em at\u00e9 45 dias de p\u00f3s-parto (Pu\u00e9rperas) \u2013 a partir de 18\nanos <\/p>\n\n\n\n<p>Essa\nnova fase ir\u00e1 at\u00e9 sexta-feira, dia 07\/05.<\/p>\n\n\n\n<p>A\naplica\u00e7\u00e3o das doses ser\u00e1 feita em todas as Unidades B\u00e1sicas de Sa\u00fade. O\natendimento ser\u00e1 mediante agendamento pr\u00e9vio por telefone ou presencial.<\/p>\n\n\n\n<p>Todos\nque forem se vacinar precisam levar documento com foto e se poss\u00edvel caderneta\nde vacina\u00e7\u00e3o.<\/p>\n\n\n\n<p>Pacientes\nque habitualmente consultam na UBS n\u00e3o necessitam de atestado.<\/p>\n\n\n\n<p>Os\ndemais devem apresentar atestado m\u00e9dico que comprove a comorbidade inclu\u00edda nos\ngrupos priorit\u00e1rios da vacina\u00e7\u00e3o contra a COVID-19, com exce\u00e7\u00e3o das gestantes e\npu\u00e9rperas.<\/p>\n\n\n\n<p>D\u00favidas\ne Informa\u00e7\u00f5es: <a href=\"mailto:vacinacovid@fumssar.com.br\">vacinacovid@fumssar.com.br<\/a><\/p>\n\n\n\n<p>*<strong> Importante<\/strong>: Pessoas que se\nvacinaram contra a Influenza (GRIPE) precisam aguardar o prazo de 14 dias para\npoder receber a vacina contra a COVID-19<\/p>\n","protected":false},"excerpt":{"rendered":"<p>A partir de amanh\u00e3, quarta-feira, dia 05\/05, ser\u00e1 ampliada a vacina\u00e7\u00e3o das pessoas com comorbidades&#8230;<\/p>\n","protected":false},"author":36,"featured_media":16982,"comment_status":"closed","ping_status":"closed","sticky":false,"template":"","format":"standard","meta":{"footnotes":""},"categories":[152,2],"tags":[],"_links":{"self":[{"href":"https:\/\/www.fumssar.com.br\/index.php?rest_route=\/wp\/v2\/posts\/16981"}],"collection":[{"href":"https:\/\/www.fumssar.com.br\/index.php?rest_route=\/wp\/v2\/posts"}],"about":[{"href":"https:\/\/www.fumssar.com.br\/index.php?rest_route=\/wp\/v2\/types\/post"}],"author":[{"embeddable":true,"href":"https:\/\/www.fumssar.com.br\/index.php?rest_route=\/wp\/v2\/users\/36"}],"replies":[{"embeddable":true,"href":"https:\/\/www.fumssar.com.br\/index.php?rest_route=%2Fwp%2Fv2%2Fcomments&post=16981"}],"version-history":[{"count":1,"href":"https:\/\/www.fumssar.com.br\/index.php?rest_route=\/wp\/v2\/posts\/16981\/revisions"}],"predecessor-version":[{"id":16983,"href":"https:\/\/www.fumssar.com.br\/index.php?rest_route=\/wp\/v2\/posts\/16981\/revisions\/16983"}],"wp:featuredmedia":[{"embeddable":true,"href":"https:\/\/www.fumssar.com.br\/index.php?rest_route=\/wp\/v2\/media\/16982"}],"wp:attachment":[{"href":"https:\/\/www.fumssar.com.br\/index.php?rest_route=%2Fwp%2Fv2%2Fmedia&parent=16981"}],"wp:term":[{"taxonomy":"category","embeddable":true,"href":"https:\/\/www.fumssar.com.br\/index.php?rest_route=%2Fwp%2Fv2%2Fcategories&post=16981"},{"taxonomy":"post_tag","embeddable":true,"href":"https:\/\/www.fumssar.com.br\/index.php?rest_route=%2Fwp%2Fv2%2Ftags&post=16981"}],"curies":[{"name":"wp","href":"https:\/\/api.w.org\/{rel}","templated":true}]}}