{"id":16957,"date":"2021-05-03T14:38:51","date_gmt":"2021-05-03T17:38:51","guid":{"rendered":"http:\/\/www.fumssar.com.br\/?p=16957"},"modified":"2024-10-07T16:34:35","modified_gmt":"2024-10-07T19:34:35","slug":"vacinacao-para-pessoas-com-comorbidades","status":"publish","type":"post","link":"https:\/\/www.fumssar.com.br\/?p=16957","title":{"rendered":"Vacina\u00e7\u00e3o para pessoas com comorbidades"},"content":{"rendered":"\n<figure class=\"wp-block-image\"><img loading=\"lazy\" decoding=\"async\" width=\"768\" height=\"1024\" src=\"https:\/\/www.fumssar.com.br\/wp-content\/uploads\/2021\/05\/2021043017031648-768x1024.jpg\" alt=\"\" class=\"wp-image-16958\" srcset=\"https:\/\/www.fumssar.com.br\/wp-content\/uploads\/2021\/05\/2021043017031648-768x1024.jpg 768w, https:\/\/www.fumssar.com.br\/wp-content\/uploads\/2021\/05\/2021043017031648-225x300.jpg 225w, https:\/\/www.fumssar.com.br\/wp-content\/uploads\/2021\/05\/2021043017031648.jpg 960w\" sizes=\"(max-width: 768px) 100vw, 768px\" \/><\/figure>\n\n\n\n<p>Come\u00e7ou nessa\nsegunda-feira, dia 03\/05, \u00e0s 13h30, a vacina\u00e7\u00e3o das pessoas com comorbidades em\nSanta Rosa. Ser\u00e3o vacinadas hoje pessoas que pertencem aos grupos listados\nabaixo:<\/p>\n\n\n\n<p>&#8211; Pessoas com S\u00edndrome de Down com 18 anos ou mais<\/p>\n\n\n\n<p>&#8211; Gestantes e pu\u00e9rperas com comorbidades \u2013 18 anos ou mais<\/p>\n\n\n\n<p>&#8211; Portadores de defici\u00eancia cadastrados no plano Beneficio de Presta\u00e7\u00e3o\nContinuada (BPC) entre 55 e 59 anos<\/p>\n\n\n\n<p>&#8211; Diab\u00e9ticos dos 55 aos 59 anos<\/p>\n\n\n\n<p><br>\nOs demais grupos de comorbidades ser\u00e3o vacinados na ter\u00e7a e quarta-feira,\nconsiderando a lista de comorbidades inclu\u00eddas nos grupos priorit\u00e1rios da\nvacina\u00e7\u00e3o contra a COVID-19 e suas descri\u00e7\u00f5es (conforme tabela abaixo). Sendo o\np\u00fablico alvo, pessoas de 55 a 59 anos com estas comorbidades.<\/p>\n\n\n\n<figure class=\"wp-block-image\"><img loading=\"lazy\" decoding=\"async\" width=\"527\" height=\"1024\" src=\"https:\/\/www.fumssar.com.br\/wp-content\/uploads\/2021\/05\/WhatsApp-Image-2021-04-29-at-19.07.31-527x1024.jpeg\" alt=\"\" class=\"wp-image-16959\" srcset=\"https:\/\/www.fumssar.com.br\/wp-content\/uploads\/2021\/05\/WhatsApp-Image-2021-04-29-at-19.07.31-527x1024.jpeg 527w, https:\/\/www.fumssar.com.br\/wp-content\/uploads\/2021\/05\/WhatsApp-Image-2021-04-29-at-19.07.31-154x300.jpeg 154w, https:\/\/www.fumssar.com.br\/wp-content\/uploads\/2021\/05\/WhatsApp-Image-2021-04-29-at-19.07.31.jpeg 596w\" sizes=\"(max-width: 527px) 100vw, 527px\" \/><\/figure>\n\n\n\n<p>A aplica\u00e7\u00e3o das\ndoses ser\u00e1 feita em todas as Unidades B\u00e1sicas de Sa\u00fade. O atendimento ser\u00e1\nmediante agendamento pr\u00e9vio por telefone ou presencial.<\/p>\n\n\n\n<p>Todos que forem se vacinar precisam\nlevar documento com foto e se poss\u00edvel caderneta de vacina\u00e7\u00e3o.<\/p>\n\n\n\n<p>Pacientes que habitualmente consultam na\nUBS n\u00e3o necessitam de atestado.<br>\nOs demais devem apresentar atestado m\u00e9dico comprovando a comorbidade elencada\npelo Minist\u00e9rio da Sa\u00fade.<\/p>\n\n\n\n<p>D\u00favidas e\nInforma\u00e7\u00f5es: vacinacovid@fumssar.com.br<\/p>\n","protected":false},"excerpt":{"rendered":"<p>Come\u00e7ou nessa segunda-feira, dia 03\/05, \u00e0s 13h30, a vacina\u00e7\u00e3o das pessoas com comorbidades em Santa&#8230;<\/p>\n","protected":false},"author":36,"featured_media":16958,"comment_status":"closed","ping_status":"closed","sticky":false,"template":"","format":"standard","meta":{"footnotes":""},"categories":[152,2],"tags":[],"_links":{"self":[{"href":"https:\/\/www.fumssar.com.br\/index.php?rest_route=\/wp\/v2\/posts\/16957"}],"collection":[{"href":"https:\/\/www.fumssar.com.br\/index.php?rest_route=\/wp\/v2\/posts"}],"about":[{"href":"https:\/\/www.fumssar.com.br\/index.php?rest_route=\/wp\/v2\/types\/post"}],"author":[{"embeddable":true,"href":"https:\/\/www.fumssar.com.br\/index.php?rest_route=\/wp\/v2\/users\/36"}],"replies":[{"embeddable":true,"href":"https:\/\/www.fumssar.com.br\/index.php?rest_route=%2Fwp%2Fv2%2Fcomments&post=16957"}],"version-history":[{"count":1,"href":"https:\/\/www.fumssar.com.br\/index.php?rest_route=\/wp\/v2\/posts\/16957\/revisions"}],"predecessor-version":[{"id":16960,"href":"https:\/\/www.fumssar.com.br\/index.php?rest_route=\/wp\/v2\/posts\/16957\/revisions\/16960"}],"wp:featuredmedia":[{"embeddable":true,"href":"https:\/\/www.fumssar.com.br\/index.php?rest_route=\/wp\/v2\/media\/16958"}],"wp:attachment":[{"href":"https:\/\/www.fumssar.com.br\/index.php?rest_route=%2Fwp%2Fv2%2Fmedia&parent=16957"}],"wp:term":[{"taxonomy":"category","embeddable":true,"href":"https:\/\/www.fumssar.com.br\/index.php?rest_route=%2Fwp%2Fv2%2Fcategories&post=16957"},{"taxonomy":"post_tag","embeddable":true,"href":"https:\/\/www.fumssar.com.br\/index.php?rest_route=%2Fwp%2Fv2%2Ftags&post=16957"}],"curies":[{"name":"wp","href":"https:\/\/api.w.org\/{rel}","templated":true}]}}