{"id":16913,"date":"2021-04-30T10:27:30","date_gmt":"2021-04-30T13:27:30","guid":{"rendered":"http:\/\/www.fumssar.com.br\/?p=16913"},"modified":"2024-10-07T16:34:35","modified_gmt":"2024-10-07T19:34:35","slug":"fumssar-realiza-trabalho-com-usuarios-de-alcool-e-drogas","status":"publish","type":"post","link":"https:\/\/www.fumssar.com.br\/?p=16913","title":{"rendered":"FUMSSAR realiza trabalho com usu\u00e1rios de \u00e1lcool e drogas"},"content":{"rendered":"\n<figure class=\"wp-block-image\"><img loading=\"lazy\" decoding=\"async\" width=\"1024\" height=\"768\" src=\"https:\/\/www.fumssar.com.br\/wp-content\/uploads\/2021\/04\/Equipe-Caps-ad-1024x768.jpg\" alt=\"\" class=\"wp-image-16915\" srcset=\"https:\/\/www.fumssar.com.br\/wp-content\/uploads\/2021\/04\/Equipe-Caps-ad-1024x768.jpg 1024w, https:\/\/www.fumssar.com.br\/wp-content\/uploads\/2021\/04\/Equipe-Caps-ad-300x225.jpg 300w, https:\/\/www.fumssar.com.br\/wp-content\/uploads\/2021\/04\/Equipe-Caps-ad-768x576.jpg 768w, https:\/\/www.fumssar.com.br\/wp-content\/uploads\/2021\/04\/Equipe-Caps-ad.jpg 1032w\" sizes=\"(max-width: 1024px) 100vw, 1024px\" \/><figcaption>Equipe  multidisciplinar do CAPS AD &#8211; Movimento<\/figcaption><\/figure>\n\n\n\n<p>O\ncuidado com a sa\u00fade mental, nesse per\u00edodo de COVID, tem sido intensificado. A\npandemia afetou o mundo de diversas maneiras, gerando diferentes efeitos\npsicol\u00f3gicos nas pessoas, como ansiedade, estresse, inseguran\u00e7a, incerteza e\nsolid\u00e3o. Em Santa Rosa, a incid\u00eancia do uso de drogas e \u00e1lcool, nesse per\u00edodo,\naumentou de forma significativa, e por isso, as a\u00e7\u00f5es foram\nintensificadas.&nbsp; <\/p>\n\n\n\n<p>Se\nsentir triste, entediado ou ansioso pode criar o \u201ccen\u00e1rio perfeito\u201d para\niniciar ou aumentar o uso de \u00e1lcool e outras drogas, ou mesmo favorecer uma\nreca\u00edda em algu\u00e9m que j\u00e1 n\u00e3o utilizava mais determinada droga. Em Santa Rosa,\nexiste um local adequado e preparado para dar toda a assist\u00eancia necess\u00e1ria as\npessoas dependentes de \u00e1lcool e outras drogas. O Centro de Aten\u00e7\u00e3o Psicossocial\n&#8211; \u00c1lcool e Drogas &#8211; CAPS AD Movimento \u00e9 um servi\u00e7o especializado em sa\u00fade\nmental que atende pessoas com problemas decorrentes do uso ou abuso de \u00e1lcool\nou drogas, visando \u00e0 reabilita\u00e7\u00e3o e reinser\u00e7\u00e3o na sociedade. <\/p>\n\n\n\n<p>A\nFUMSSAR, atrav\u00e9s do CAPS desenvolve diversas atividades a fim de promover a\nreintegra\u00e7\u00e3o do dependente qu\u00edmico na comunidade e sua reinser\u00e7\u00e3o familiar e\nsocial. Para isso a FUMSSAR conta com uma equipe multidisciplinar formada por:\n01 Assistente Social, 01 Enfermeiro, 01 M\u00e9dico Psiquiatra, 01 Psic\u00f3logo, 01\nTerapeuta Ocupacional, 02 T\u00e9cnicos em Enfermagem, 01 Estagi\u00e1rio e 01 Vigilante.\n<\/p>\n\n\n\n<p>O\nCAPS AD \u2013 Movimento \u00e9 um servi\u00e7o ambulatorial de aten\u00e7\u00e3o di\u00e1ria que presta\nassist\u00eancia aos pacientes. Segundo o presidente da Funda\u00e7\u00e3o, D\u00e9lcio Stefan,\nesse \u00e9 um atendimento bem completo, \u201cContamos com atendimento com psicoterapia\nindividual e em grupo, oficinas terap\u00eauticas e operativas, visita domiciliar,\natendimento \u00e0 fam\u00edlia, al\u00e9m de encaminhamentos para interna\u00e7\u00f5es e atividades\ncomunit\u00e1rias. Nosso foco \u00e9 na reintegra\u00e7\u00e3o do usu\u00e1rio na comunidade e sua\nreinser\u00e7\u00e3o familiar e social\u201d. <\/p>\n\n\n\n<p style=\"text-align:left\">O Centro realiza cerca de 350 atendimentos mensais. A inten\u00e7\u00e3o \u00e9 priorizar o resgate da cidadania, o protagonismo e a reinser\u00e7\u00e3o do usu\u00e1rio de subst\u00e2ncias psicoativas. A Assistente Social e Coordenadora do CAPS AD \u2013 Movimento, M\u00e1rcia Dineia Quinsani destaca a facilidade do acesso, \u201cOs usu\u00e1rios possuem acesso direto ao servi\u00e7o, o que facilita e desburocratiza o atendimento de sua demanda\u201d.<br> O CAPS AD \u2013 Movimento atende todo o munic\u00edpio de Santa Rosa (todas as faixas et\u00e1rias). O hor\u00e1rio de atendimento \u00e9 das 08H \u00e0s 18H sem fechar ao meio-dia de segunda a sexta-feira.<br>O Centro fica localizado na Av. Flores da Cunha, 1321, Cruzeiro, Santa Rosa e o telefone para contato \u00e9 o (55) 3513-5158. <\/p>\n","protected":false},"excerpt":{"rendered":"<p>O cuidado com a sa\u00fade mental, nesse per\u00edodo de COVID, tem sido intensificado. A pandemia&#8230;<\/p>\n","protected":false},"author":36,"featured_media":16915,"comment_status":"closed","ping_status":"closed","sticky":false,"template":"","format":"standard","meta":{"footnotes":""},"categories":[2],"tags":[],"_links":{"self":[{"href":"https:\/\/www.fumssar.com.br\/index.php?rest_route=\/wp\/v2\/posts\/16913"}],"collection":[{"href":"https:\/\/www.fumssar.com.br\/index.php?rest_route=\/wp\/v2\/posts"}],"about":[{"href":"https:\/\/www.fumssar.com.br\/index.php?rest_route=\/wp\/v2\/types\/post"}],"author":[{"embeddable":true,"href":"https:\/\/www.fumssar.com.br\/index.php?rest_route=\/wp\/v2\/users\/36"}],"replies":[{"embeddable":true,"href":"https:\/\/www.fumssar.com.br\/index.php?rest_route=%2Fwp%2Fv2%2Fcomments&post=16913"}],"version-history":[{"count":1,"href":"https:\/\/www.fumssar.com.br\/index.php?rest_route=\/wp\/v2\/posts\/16913\/revisions"}],"predecessor-version":[{"id":16916,"href":"https:\/\/www.fumssar.com.br\/index.php?rest_route=\/wp\/v2\/posts\/16913\/revisions\/16916"}],"wp:featuredmedia":[{"embeddable":true,"href":"https:\/\/www.fumssar.com.br\/index.php?rest_route=\/wp\/v2\/media\/16915"}],"wp:attachment":[{"href":"https:\/\/www.fumssar.com.br\/index.php?rest_route=%2Fwp%2Fv2%2Fmedia&parent=16913"}],"wp:term":[{"taxonomy":"category","embeddable":true,"href":"https:\/\/www.fumssar.com.br\/index.php?rest_route=%2Fwp%2Fv2%2Fcategories&post=16913"},{"taxonomy":"post_tag","embeddable":true,"href":"https:\/\/www.fumssar.com.br\/index.php?rest_route=%2Fwp%2Fv2%2Ftags&post=16913"}],"curies":[{"name":"wp","href":"https:\/\/api.w.org\/{rel}","templated":true}]}}