{"id":16869,"date":"2021-04-27T15:45:32","date_gmt":"2021-04-27T18:45:32","guid":{"rendered":"http:\/\/www.fumssar.com.br\/?p=16869"},"modified":"2024-10-07T16:34:35","modified_gmt":"2024-10-07T19:34:35","slug":"fumssar-realiza-acoes-de-prevencao-e-combate-a-dengue","status":"publish","type":"post","link":"https:\/\/www.fumssar.com.br\/?p=16869","title":{"rendered":"FUMSSAR realiza a\u00e7\u00f5es de preven\u00e7\u00e3o e combate \u00e0 Dengue"},"content":{"rendered":"\n<figure class=\"wp-block-image\"><img loading=\"lazy\" decoding=\"async\" width=\"484\" height=\"477\" src=\"https:\/\/www.fumssar.com.br\/wp-content\/uploads\/2021\/04\/WhatsApp-Image-2021-04-27-at-10.31.24.jpeg\" alt=\"\" class=\"wp-image-16870\" srcset=\"https:\/\/www.fumssar.com.br\/wp-content\/uploads\/2021\/04\/WhatsApp-Image-2021-04-27-at-10.31.24.jpeg 484w, https:\/\/www.fumssar.com.br\/wp-content\/uploads\/2021\/04\/WhatsApp-Image-2021-04-27-at-10.31.24-300x296.jpeg 300w\" sizes=\"(max-width: 484px) 100vw, 484px\" \/><figcaption> Agente de combate a endemias realizando vistoria em uma resid\u00eancia<\/figcaption><\/figure>\n\n\n\n<p>\n\nA Funda\u00e7\u00e3o Municipal de Sa\u00fade de Santa Rosa, atrav\u00e9s da Vigil\u00e2ncia Ambiental vem desenvolvendo diversas a\u00e7\u00f5es de conscientiza\u00e7\u00e3o no combate ao mosquito Aedes Aegypti. Uma delas \u00e9 a visita dos agentes de combate as endemias e da mascote do mosquito que v\u00e3o at\u00e9 as Unidades B\u00e1sicas de Sa\u00fade para conscientizar. A\u00e7\u00f5es assim tamb\u00e9m s\u00e3o realizadas no com\u00e9rcio com a entrega de panfletos e orienta\u00e7\u00f5es aos moradores sobre a import\u00e2ncia de realizar as medidas de preven\u00e7\u00e3o.<\/p>\n\n\n\n<p>At\u00e9 o presente momento o munic\u00edpio conta com 23 notifica\u00e7\u00f5es, que seriam casos suspeitos de dengue. Destes, 03 casos foram confirmados. Nos casos confirmados, al\u00e9m do acompanhamento m\u00e9dico realizado pelas UBS, a Vigil\u00e2ncia Ambiental realiza uma vistoria nos im\u00f3veis dos pacientes com a doen\u00e7a e faz um bloqueio com inseticidas naquela \u00e1rea. Para D\u00e9lcio Stefan, presidente da FUMSSAR, \u201cO enfrentamento \u00e0 Dengue s\u00f3 \u00e9 poss\u00edvel quando cada fam\u00edlia faz sua parte no seu domic\u00edlio\u201d.<\/p>\n\n\n\n<p>Outra a\u00e7\u00e3o que tamb\u00e9m vem sendo desenvolvida semanalmente s\u00e3o os mutir\u00f5es de vistoria nas resid\u00eancias. Os agentes de endemias e de sa\u00fade das UBS saem todas as segundas-feiras em algum bairro do munic\u00edpio para realizar esta vistoria nas casas. Nestas a\u00e7\u00f5es, eles vistoriam a parte externa e d\u00e3o aos moradores o prazo de uma semana para levar at\u00e9 a UBS, pneus e lixo eletr\u00f4nico.<\/p>\n\n\n\n<p>O Gerente das Vigil\u00e2ncias, Jairo Beal destaca a import\u00e2ncia de uma conscientiza\u00e7\u00e3o coletiva em rela\u00e7\u00e3o \u00e0 dengue. \u201cN\u00e3o podemos deixar acontecer uma epidemia em nossa cidade. Vamos todos juntos nos unir e combater esse mal\u201d. <\/p>\n\n\n\n<figure class=\"wp-block-image\"><img loading=\"lazy\" decoding=\"async\" width=\"488\" height=\"713\" src=\"https:\/\/www.fumssar.com.br\/wp-content\/uploads\/2021\/04\/WhatsApp-Image-2021-04-27-at-10.31.25.jpeg\" alt=\"\" class=\"wp-image-16871\" srcset=\"https:\/\/www.fumssar.com.br\/wp-content\/uploads\/2021\/04\/WhatsApp-Image-2021-04-27-at-10.31.25.jpeg 488w, https:\/\/www.fumssar.com.br\/wp-content\/uploads\/2021\/04\/WhatsApp-Image-2021-04-27-at-10.31.25-205x300.jpeg 205w\" sizes=\"(max-width: 488px) 100vw, 488px\" \/><\/figure>\n\n\n\n<p> Caso os agentes encontrem focos do mosquito na resid\u00eancia, o foco \u00e9 eliminado na hora e o morador \u00e9 notificado. Se o foco estiver localizado em piscinas, caixas d\u2019\u00e1gua, por exemplo, o morador tem o prazo de 5 dias para eliminar o foco encontrado. Terminado o prazo, os agentes retornam ao local para fazer uma nova vistoria, caso o problema n\u00e3o tenha sido solucionado pelo morador, o mesmo \u00e9 autuado pela FUMSSAR.<\/p>\n","protected":false},"excerpt":{"rendered":"<p>A Funda\u00e7\u00e3o Municipal de Sa\u00fade de Santa Rosa, atrav\u00e9s da Vigil\u00e2ncia Ambiental vem desenvolvendo diversas&#8230;<\/p>\n","protected":false},"author":36,"featured_media":16870,"comment_status":"closed","ping_status":"closed","sticky":false,"template":"","format":"standard","meta":{"footnotes":""},"categories":[2,1],"tags":[],"_links":{"self":[{"href":"https:\/\/www.fumssar.com.br\/index.php?rest_route=\/wp\/v2\/posts\/16869"}],"collection":[{"href":"https:\/\/www.fumssar.com.br\/index.php?rest_route=\/wp\/v2\/posts"}],"about":[{"href":"https:\/\/www.fumssar.com.br\/index.php?rest_route=\/wp\/v2\/types\/post"}],"author":[{"embeddable":true,"href":"https:\/\/www.fumssar.com.br\/index.php?rest_route=\/wp\/v2\/users\/36"}],"replies":[{"embeddable":true,"href":"https:\/\/www.fumssar.com.br\/index.php?rest_route=%2Fwp%2Fv2%2Fcomments&post=16869"}],"version-history":[{"count":3,"href":"https:\/\/www.fumssar.com.br\/index.php?rest_route=\/wp\/v2\/posts\/16869\/revisions"}],"predecessor-version":[{"id":16874,"href":"https:\/\/www.fumssar.com.br\/index.php?rest_route=\/wp\/v2\/posts\/16869\/revisions\/16874"}],"wp:featuredmedia":[{"embeddable":true,"href":"https:\/\/www.fumssar.com.br\/index.php?rest_route=\/wp\/v2\/media\/16870"}],"wp:attachment":[{"href":"https:\/\/www.fumssar.com.br\/index.php?rest_route=%2Fwp%2Fv2%2Fmedia&parent=16869"}],"wp:term":[{"taxonomy":"category","embeddable":true,"href":"https:\/\/www.fumssar.com.br\/index.php?rest_route=%2Fwp%2Fv2%2Fcategories&post=16869"},{"taxonomy":"post_tag","embeddable":true,"href":"https:\/\/www.fumssar.com.br\/index.php?rest_route=%2Fwp%2Fv2%2Ftags&post=16869"}],"curies":[{"name":"wp","href":"https:\/\/api.w.org\/{rel}","templated":true}]}}