{"id":1649,"date":"2014-05-08T12:20:59","date_gmt":"2014-05-08T12:20:59","guid":{"rendered":"http:\/\/www.fumssar.com.br\/?p=1649"},"modified":"2024-10-07T16:36:20","modified_gmt":"2024-10-07T19:36:20","slug":"fumssar-apresenta-novos-medicos-as-comunidades-onde-irao-atuar","status":"publish","type":"post","link":"https:\/\/www.fumssar.com.br\/?p=1649","title":{"rendered":"FUMSSAR apresenta novos m\u00e9dicos \u00e0s comunidades onde ir\u00e3o atuar"},"content":{"rendered":"<p><a href=\"http:\/\/www.fumssar.com.br\/wp-content\/uploads\/2014\/05\/g-lopes.jpg\"><img loading=\"lazy\" decoding=\"async\" src=\"http:\/\/www.fumssar.com.br\/wp-content\/uploads\/2014\/05\/g-lopes-300x225.jpg\" alt=\"g lopes\" width=\"300\" height=\"225\" class=\"alignnone size-medium wp-image-1651\" srcset=\"https:\/\/www.fumssar.com.br\/wp-content\/uploads\/2014\/05\/g-lopes-300x225.jpg 300w, https:\/\/www.fumssar.com.br\/wp-content\/uploads\/2014\/05\/g-lopes.jpg 640w\" sizes=\"(max-width: 300px) 100vw, 300px\" \/><\/a>Dando in\u00edcio h\u00e1 um processo de adapta\u00e7\u00e3o dos m\u00e9dicos estrangeiros que ir\u00e3o atuar na Rede B\u00e1sica de Sa\u00fade, a Funda\u00e7\u00e3o Municipal de Sa\u00fade de Santa Rosa-FUMSSAR, apresentou na noite desta quarta-feira, 07 para a comunidade de Guia Lopes, o Dr. Yoel Aguiar Lima que prestar\u00e1 servi\u00e7os naquela comunidade. O m\u00e9dico de origem Cubana tem 18 anos de experi\u00eancia em sa\u00fade da fam\u00edlia,possui especializa\u00e7\u00f5es na \u00e1rea e j\u00e1 atuou tamb\u00e9m fora de seu Pa\u00eds.Yoel ficou muito \u00e1 vontade na comunidade que de forma muito descontra\u00edda  lhe acolheu.O profissional ir\u00e1 atender a comunidade oito horas semanais tendo em vista que tamb\u00e9m ir\u00e1 atuar na Unidade B\u00e1sica do Jardim Petr\u00f3polis  que mant\u00e9m o Posto Avan\u00e7ado da Comunidade de Guia Lopes. Em seu pronunciamento Yoel deixou muito claro que a sa\u00fade de uma comunidade se decide com encontros e com o conhecimento de seus integrantes. \u201cQuando n\u00f3s profissionais nos inserimos na comunidade, passamos a conhecer seus problemas, esta \u00e9 a vis\u00e3o de um profissional que atua na sa\u00fade p\u00fablica\u201d destacou o m\u00e9dico.<br \/>\n       O Presidente da FUMSSAR, Dr. Luis Antonio Benvegn\u00fa, fez um apanhado da constru\u00e7\u00e3o do sistema de sa\u00fade p\u00fablica em Santa Rosa, destacando as dificuldades e os avan\u00e7os. Benvegn\u00fa refor\u00e7ou que o sistema sempre foi discutido com a comunidade, destacando que iniciou com seis profissionais, e que hoje s\u00e3o dezessete unidades b\u00e1sicas de sa\u00fade, comparando que a popula\u00e7\u00e3o n\u00e3o avan\u00e7ou muito em n\u00fameros populacionais, relacionando o n\u00famero de unidades de sa\u00fade que hoje somam dezessete. \u201cSe formos tra\u00e7ar comparativos populacionais de quando o sistema iniciou, com n\u00fameros atuais, podemos verificar que a popula\u00e7\u00e3o est\u00e1 bem mais assistida atualmente\u201d ressaltou o Presidente da FUMSSAR. Ele destacou ainda que a atual administra\u00e7\u00e3o projetou uma meta de   manter um profissional m\u00e9dico em cada unidade de sa\u00fade,e que neste momento isto est\u00e1 sendo poss\u00edvel,destacando a vinda dos quatro profissionais estrangeiros e o concurso realizado recentemente,onde houveram m\u00e9dicos inscritos que prestaram as provas.Segundo o Presidente da  Funda\u00e7\u00e3o, existe uma dificuldade em manter profissionais  m\u00e9dicos no quadro,uma vez que eles sempre buscam especializa\u00e7\u00f5es e s\u00e3o aprovados em resid\u00eancias,deixando suas vagas no sistema p\u00fablico de sa\u00fade. Na noite de quinta \u2013 feira,08 a comunidade da Jardim  Petr\u00f3polis ir\u00e1 conhecer o profissional que ir\u00e1 atuar na unidade, e na pr\u00f3xima semana ser\u00e3o apresentados os profissionais das unidades da Vila Balne\u00e1ria, Vila Sete e J\u00falio de Oliveira.<\/p>\n","protected":false},"excerpt":{"rendered":"<p>Dando in\u00edcio h\u00e1 um processo de adapta\u00e7\u00e3o dos m\u00e9dicos estrangeiros que ir\u00e3o atuar na Rede&#8230;<\/p>\n","protected":false},"author":11,"featured_media":1650,"comment_status":"open","ping_status":"open","sticky":false,"template":"","format":"standard","meta":{"footnotes":""},"categories":[2],"tags":[],"_links":{"self":[{"href":"https:\/\/www.fumssar.com.br\/index.php?rest_route=\/wp\/v2\/posts\/1649"}],"collection":[{"href":"https:\/\/www.fumssar.com.br\/index.php?rest_route=\/wp\/v2\/posts"}],"about":[{"href":"https:\/\/www.fumssar.com.br\/index.php?rest_route=\/wp\/v2\/types\/post"}],"author":[{"embeddable":true,"href":"https:\/\/www.fumssar.com.br\/index.php?rest_route=\/wp\/v2\/users\/11"}],"replies":[{"embeddable":true,"href":"https:\/\/www.fumssar.com.br\/index.php?rest_route=%2Fwp%2Fv2%2Fcomments&post=1649"}],"version-history":[{"count":1,"href":"https:\/\/www.fumssar.com.br\/index.php?rest_route=\/wp\/v2\/posts\/1649\/revisions"}],"predecessor-version":[{"id":1652,"href":"https:\/\/www.fumssar.com.br\/index.php?rest_route=\/wp\/v2\/posts\/1649\/revisions\/1652"}],"wp:featuredmedia":[{"embeddable":true,"href":"https:\/\/www.fumssar.com.br\/index.php?rest_route=\/wp\/v2\/media\/1650"}],"wp:attachment":[{"href":"https:\/\/www.fumssar.com.br\/index.php?rest_route=%2Fwp%2Fv2%2Fmedia&parent=1649"}],"wp:term":[{"taxonomy":"category","embeddable":true,"href":"https:\/\/www.fumssar.com.br\/index.php?rest_route=%2Fwp%2Fv2%2Fcategories&post=1649"},{"taxonomy":"post_tag","embeddable":true,"href":"https:\/\/www.fumssar.com.br\/index.php?rest_route=%2Fwp%2Fv2%2Ftags&post=1649"}],"curies":[{"name":"wp","href":"https:\/\/api.w.org\/{rel}","templated":true}]}}