{"id":16351,"date":"2021-02-26T09:26:28","date_gmt":"2021-02-26T12:26:28","guid":{"rendered":"http:\/\/www.fumssar.com.br\/?p=16351"},"modified":"2024-10-07T16:34:38","modified_gmt":"2024-10-07T19:34:38","slug":"fumssar-segue-com-vacinacao-nesta-sexta-feira","status":"publish","type":"post","link":"https:\/\/www.fumssar.com.br\/?p=16351","title":{"rendered":"FUMSSAR segue com vacina\u00e7\u00e3o nesta sexta-feira"},"content":{"rendered":"\n<pre class=\"wp-block-preformatted\">O estado est\u00e1 enviando mais vacinas para Santa Rosa. A expectativa da Funda\u00e7\u00e3o \u00e9 receber 800 doses que ser\u00e3o destinadas para idosos. Nessa fase, v\u00e3o receber vacina, pessoas com mais de 81 anos. A meta \u00e9 vacinar entre 81 e 85 anos. A vacina\u00e7\u00e3o vai ocorrer na sexta-feira(26) de tarde e no s\u00e1bado(27) de manh\u00e3 em todas as unidades. Cada pessoa deve procurar o seu posto de refer\u00eancia.<br>\nN\u00e3o sendo poss\u00edvel vacinar todos os idosos entre 81 e 85 anos, nesses dois dias, a vacina\u00e7\u00e3o vai seguir na segunda-feira(01). Em fun\u00e7\u00e3o do aumento de casos, a Funda\u00e7\u00e3o est\u00e1 se preparando para aumentar mais uma Unidade Sentinela, e tamb\u00e9m, duas Unidades de testagem. No momento, um dos principais problemas, segundo a Diretora Fabiana Breitenbach \u00e9 a falta de profissionais, \u201cHoje estamos no limite, com nossos profissionais esgotados, em alguns setores com falta de funcion\u00e1rios. Todos est\u00e3o dando o seu melhor para seguir atendendo a popula\u00e7\u00e3o, nesse que \u00e9 o pior momento desde que a pandemia come\u00e7ou\u201d. <br>\nFabiana destaca tamb\u00e9m a import\u00e2ncia das pessoas se cuidarem ainda mais, \u201cPrecisamos do maior cuidado e apoio da popula\u00e7\u00e3o nesse momento mais cr\u00edtico\u201d. A Vigil\u00e2ncia est\u00e1 intensificando a\u00e7\u00f5es e a fiscaliza\u00e7\u00e3o conforme o novo decreto. Pessoas com mais de 85 que n\u00e3o puderam ser vacinadas, nas outras fases, devem procurar sua Unidade para realizar a vacina\u00e7\u00e3o. <br>\nTODOS DEVEM PROCURAR SUA UNIDADE DE SA\u00daDE DE REFER\u00caNCIA. Para d\u00favidas entre em contato com 3511-5222 ou 3513-5118. A FUMSSAR atua em conjunto com a Coordenadoria Regional de Sa\u00fade e com o Hospital Vida &amp; Sa\u00fade, e tem o apoio, do SEG, da FEMA e do SEST.<\/pre>\n\n\n\n<figure class=\"wp-block-image\"><img loading=\"lazy\" decoding=\"async\" width=\"768\" height=\"1024\" src=\"http:\/\/www.fumssar.com.br\/wp-content\/uploads\/2021\/02\/vacina-1-768x1024.jpg\" alt=\"\" class=\"wp-image-16352\" srcset=\"https:\/\/www.fumssar.com.br\/wp-content\/uploads\/2021\/02\/vacina-1-768x1024.jpg 768w, https:\/\/www.fumssar.com.br\/wp-content\/uploads\/2021\/02\/vacina-1-225x300.jpg 225w, https:\/\/www.fumssar.com.br\/wp-content\/uploads\/2021\/02\/vacina-1.jpg 960w\" sizes=\"(max-width: 768px) 100vw, 768px\" \/><\/figure>\n","protected":false},"excerpt":{"rendered":"<p>O estado est\u00e1 enviando mais vacinas para Santa Rosa. A expectativa da Funda\u00e7\u00e3o \u00e9 receber&#8230;<\/p>\n","protected":false},"author":32,"featured_media":16352,"comment_status":"closed","ping_status":"closed","sticky":false,"template":"","format":"standard","meta":{"footnotes":""},"categories":[152,2],"tags":[],"_links":{"self":[{"href":"https:\/\/www.fumssar.com.br\/index.php?rest_route=\/wp\/v2\/posts\/16351"}],"collection":[{"href":"https:\/\/www.fumssar.com.br\/index.php?rest_route=\/wp\/v2\/posts"}],"about":[{"href":"https:\/\/www.fumssar.com.br\/index.php?rest_route=\/wp\/v2\/types\/post"}],"author":[{"embeddable":true,"href":"https:\/\/www.fumssar.com.br\/index.php?rest_route=\/wp\/v2\/users\/32"}],"replies":[{"embeddable":true,"href":"https:\/\/www.fumssar.com.br\/index.php?rest_route=%2Fwp%2Fv2%2Fcomments&post=16351"}],"version-history":[{"count":1,"href":"https:\/\/www.fumssar.com.br\/index.php?rest_route=\/wp\/v2\/posts\/16351\/revisions"}],"predecessor-version":[{"id":16353,"href":"https:\/\/www.fumssar.com.br\/index.php?rest_route=\/wp\/v2\/posts\/16351\/revisions\/16353"}],"wp:featuredmedia":[{"embeddable":true,"href":"https:\/\/www.fumssar.com.br\/index.php?rest_route=\/wp\/v2\/media\/16352"}],"wp:attachment":[{"href":"https:\/\/www.fumssar.com.br\/index.php?rest_route=%2Fwp%2Fv2%2Fmedia&parent=16351"}],"wp:term":[{"taxonomy":"category","embeddable":true,"href":"https:\/\/www.fumssar.com.br\/index.php?rest_route=%2Fwp%2Fv2%2Fcategories&post=16351"},{"taxonomy":"post_tag","embeddable":true,"href":"https:\/\/www.fumssar.com.br\/index.php?rest_route=%2Fwp%2Fv2%2Ftags&post=16351"}],"curies":[{"name":"wp","href":"https:\/\/api.w.org\/{rel}","templated":true}]}}